{"id":6498,"date":"2026-04-29T06:07:07","date_gmt":"2026-04-29T09:07:07","guid":{"rendered":"https:\/\/vagas.portalemprego.com.br\/?p=6498"},"modified":"2026-04-29T06:07:07","modified_gmt":"2026-04-29T09:07:07","slug":"assistente-comercial-ii-pcd-rio-de-janeiro-rj-comercial-vendas-rio-de-janeiro","status":"publish","type":"post","link":"https:\/\/vagas.portalemprego.com.br\/?p=6498","title":{"rendered":"Assistente Comercial II &#8211; PCD &#8211; Rio de Janeiro &#8211; RJ &#8211; Comercial, Vendas &#8211; Rio de Janeiro"},"content":{"rendered":"<p>Fazemos parte de um dos maiores grupos de telecomunica\u00e7\u00f5es do mundo, dedicando-nos a oferecer a melhor experi\u00eancia em telefonia, internet e solu\u00e7\u00f5es digitais para milh\u00f5es de brasileiros. Buscamos criar um ambiente respeitoso e descontra\u00eddo que estimule o desenvolvimento dos colaboradores por meio de desafios e autonomia. Nosso prop\u00f3sito \u00e9 fazer o novo acontecer, por isso valorizamos a diversidade, acreditando que diferentes compet\u00eancias e perspectivas tornam a empresa mais humana e inovadora.<\/p>\n<p>Cargo: Assistente Comercial &#8211; PCD <\/p>\n<p>Principais Responsabilidades:<br \/>\n&#8211; Realiza\u00e7\u00e3o de cadastros, lan\u00e7amentos sist\u00eamicos e an\u00e1lises simples de dados<br \/>\n&#8211; Organiza\u00e7\u00e3o de anota\u00e7\u00f5es e tabula\u00e7\u00f5es para acompanhamento de indicadores<br \/>\n&#8211; Suporte \u00e0 equipe comercial com envio de informa\u00e7\u00f5es e atendimento interno<br \/>\n&#8211; Interface com demais \u00e1reas da empresa<\/p>\n<p>Requisitos:<br \/>\n&#8211; Ensino m\u00e9dio completo<br \/>\n&#8211; Necess\u00e1rio conhecimento no Pacote Office; <\/p>\n<p>Diferenciais:<br \/>\n&#8211; Trabalho em equipe e comunica\u00e7\u00e3o;<br \/>\n&#8211; Lidar com mudan\u00e7as;<br \/>\n&#8211; Desej\u00e1vel superior cursando;<br \/>\n&#8211; Hor\u00e1rio flex\u00edvel inclusive aos finais de semana <\/p>\n<p>Remunera\u00e7\u00e3o com pacote de benef\u00edcios:<br \/>\n&#8211; Vale refei\u00e7\u00e3o: R$ 50,24 por dia<br \/>\n&#8211; Assist\u00eancia M\u00e9dica (titular n\u00e3o paga mensalidade. Desconto por dependente)<br \/>\n&#8211; Conv\u00eanio Odontol\u00f3gico<br \/>\n&#8211; Seguro de vida<br \/>\n&#8211; Vale Transporte<br \/>\n&#8211; PPR de at\u00e9 3.6 sal\u00e1rios\/ ano<br \/>\n&#8211; Combo colaborador: Desconto de 30% na mensalidade dos servi\u00e7os<br \/>\n&#8211; Previd\u00eancia privada<br \/>\n&#8211; Benef\u00edcio farm\u00e1cia<br \/>\n&#8211; Aux\u00edlio creche<\/p>\n<p>Venha fazer parte!<\/p>\n<ul>\n<li>N\u00famero de vagas: 2<\/li>\n<li>Local de trabalho: Rio de Janeiro, RJ<\/li>\n<li>Regime de contrata\u00e7\u00e3o de tipo: Efetivo \u2013 CLT<\/li>\n<li>Jornada: Per\u00edodo Integral<\/li>\n<li>\u00c1rea e especializa\u00e7\u00e3o profissional: Comercial, Vendas &#8211; Cartazista<\/li>\n<li>N\u00edvel hier\u00e1rquico: Assistente<\/li>\n<\/ul>\n<p>VALORIZADO<\/p>\n<p>Tempo de experi\u00eancia: Entre 1 e 3 anos<\/p>\n<p>HABILIDADES<\/p>\n<ul>\n<li>Vendas T\u00e9cnicas<\/li>\n<li>Analista Comercial<\/li>\n<li>Suporte de Vendas<\/li>\n<li>Assistente Comercial<\/li>\n<li>Engenharia Comercial<\/li>\n<li>Vendas Administrativas<\/li>\n<\/ul>\n<p>Escolaridade M\u00ednima: Ensino Superior<\/p>\n<ul>\n<li>Vale Transporte<\/li>\n<li>Plano de Sa\u00fade<\/li>\n<li>Vale Refei\u00e7\u00e3o<\/li>\n<li>PLR<\/li>\n<li>Seguro de vida<\/li>\n<\/ul>\n","protected":false},"excerpt":{"rendered":"<p>Fazemos parte de um dos maiores grupos de telecomunica\u00e7\u00f5es do mundo, dedicando-nos a oferecer a melhor experi\u00eancia em telefonia, internet e solu\u00e7\u00f5es digitais para milh\u00f5es de brasileiros. Buscamos criar um ambiente respeitoso e descontra\u00eddo que estimule o desenvolvimento dos colaboradores por meio de desafios e autonomia. Nosso prop\u00f3sito \u00e9 fazer o novo acontecer, por isso [&hellip;]<\/p>\n","protected":false},"author":1,"featured_media":0,"comment_status":"open","ping_status":"open","sticky":false,"template":"","format":"standard","meta":{"footnotes":""},"categories":[21],"tags":[],"class_list":["post-6498","post","type-post","status-publish","format-standard","hentry","category-rio-de-janeiro-rj"],"_links":{"self":[{"href":"https:\/\/vagas.portalemprego.com.br\/index.php?rest_route=\/wp\/v2\/posts\/6498","targetHints":{"allow":["GET"]}}],"collection":[{"href":"https:\/\/vagas.portalemprego.com.br\/index.php?rest_route=\/wp\/v2\/posts"}],"about":[{"href":"https:\/\/vagas.portalemprego.com.br\/index.php?rest_route=\/wp\/v2\/types\/post"}],"author":[{"embeddable":true,"href":"https:\/\/vagas.portalemprego.com.br\/index.php?rest_route=\/wp\/v2\/users\/1"}],"replies":[{"embeddable":true,"href":"https:\/\/vagas.portalemprego.com.br\/index.php?rest_route=%2Fwp%2Fv2%2Fcomments&post=6498"}],"version-history":[{"count":0,"href":"https:\/\/vagas.portalemprego.com.br\/index.php?rest_route=\/wp\/v2\/posts\/6498\/revisions"}],"wp:attachment":[{"href":"https:\/\/vagas.portalemprego.com.br\/index.php?rest_route=%2Fwp%2Fv2%2Fmedia&parent=6498"}],"wp:term":[{"taxonomy":"category","embeddable":true,"href":"https:\/\/vagas.portalemprego.com.br\/index.php?rest_route=%2Fwp%2Fv2%2Fcategories&post=6498"},{"taxonomy":"post_tag","embeddable":true,"href":"https:\/\/vagas.portalemprego.com.br\/index.php?rest_route=%2Fwp%2Fv2%2Ftags&post=6498"}],"curies":[{"name":"wp","href":"https:\/\/api.w.org\/{rel}","templated":true}]}}