{"id":6500,"date":"2026-04-29T06:07:07","date_gmt":"2026-04-29T09:07:07","guid":{"rendered":"https:\/\/vagas.portalemprego.com.br\/?p=6500"},"modified":"2026-04-29T06:07:07","modified_gmt":"2026-04-29T09:07:07","slug":"banco-de-talentos-hering-zona-sul-comercial-vendas-rio-de-janeiro","status":"publish","type":"post","link":"https:\/\/vagas.portalemprego.com.br\/?p=6500","title":{"rendered":"Banco de Talentos &#8211; Hering &#8211; Zona Sul &#8211; Comercial, Vendas &#8211; Rio de Janeiro"},"content":{"rendered":"<p>Venha fazer parte do time Hering e viva sua paix\u00e3o por moda e vestu\u00e1rio!<\/p>\n<p>Voc\u00ea \u00e9 apaixonado(a) por moda, praticidade e estilo de vida acess\u00edvel? <\/p>\n<p>A Hering, marca que h\u00e1 mais de 140 anos veste gera\u00e7\u00f5es de brasileiros, est\u00e1 em busca de novos talentos para compor nosso time de loja.<\/p>\n<p>Ao se cadastrar no nosso Banco de Talentos, seu perfil ser\u00e1 avaliado em processos futuros em diversas oportunidades. Procuramos pessoas comunicativas, que gostem de gente, tenham foco em resultados e sejam comprometidas com o desenvolvimento cont\u00ednuo.<\/p>\n<p>Aqui, voc\u00ea encontra:<\/p>\n<p>Uma marca s\u00f3lida e tradicional no varejo.<br \/>\nEspa\u00e7o para aprendizado e crescimento profissional.<br \/>\nUm ambiente que valoriza diversidade, respeito e colabora\u00e7\u00e3o.<\/p>\n<p>Inscreva-se e fa\u00e7a parte dessa hist\u00f3ria que j\u00e1 conquistou milh\u00f5es de brasileiros!<\/p>\n<ul>\n<li>N\u00famero de vagas: 10<\/li>\n<li>Local de trabalho: Rio de Janeiro, RJ<\/li>\n<li>Regime de contrata\u00e7\u00e3o de tipo: Efetivo \u2013 CLT<\/li>\n<li>Jornada: Per\u00edodo Integral<\/li>\n<li>\u00c1rea e especializa\u00e7\u00e3o profissional: Comercial, Vendas &#8211; Venda Interna<\/li>\n<li>N\u00edvel hier\u00e1rquico: Operacional<\/li>\n<\/ul>\n<p>VALORIZADO<\/p>\n<p>Tempo de experi\u00eancia: Entre 1 e 3 anos<\/p>\n<p>HABILIDADES<\/p>\n<ul>\n<li>Autonomia<\/li>\n<li>Senso de Equipe<\/li>\n<li>Proatividade<\/li>\n<li>Planejamento<\/li>\n<li>Agilidade<\/li>\n<\/ul>\n<p>Escolaridade M\u00ednima: Ensino M\u00e9dio (2\u00ba Grau)<\/p>\n<ul>\n<li>conv\u00eanio de faculdade<\/li>\n<li>desconto na marca<\/li>\n<li>vale transporte<\/li>\n<li>conv\u00eanio com o Sesc<\/li>\n<li>totalpass<\/li>\n<\/ul>\n","protected":false},"excerpt":{"rendered":"<p>Venha fazer parte do time Hering e viva sua paix\u00e3o por moda e vestu\u00e1rio! Voc\u00ea \u00e9 apaixonado(a) por moda, praticidade e estilo de vida acess\u00edvel? A Hering, marca que h\u00e1 mais de 140 anos veste gera\u00e7\u00f5es de brasileiros, est\u00e1 em busca de novos talentos para compor nosso time de loja. Ao se cadastrar no nosso [&hellip;]<\/p>\n","protected":false},"author":1,"featured_media":0,"comment_status":"open","ping_status":"open","sticky":false,"template":"","format":"standard","meta":{"footnotes":""},"categories":[21],"tags":[],"class_list":["post-6500","post","type-post","status-publish","format-standard","hentry","category-rio-de-janeiro-rj"],"_links":{"self":[{"href":"https:\/\/vagas.portalemprego.com.br\/index.php?rest_route=\/wp\/v2\/posts\/6500","targetHints":{"allow":["GET"]}}],"collection":[{"href":"https:\/\/vagas.portalemprego.com.br\/index.php?rest_route=\/wp\/v2\/posts"}],"about":[{"href":"https:\/\/vagas.portalemprego.com.br\/index.php?rest_route=\/wp\/v2\/types\/post"}],"author":[{"embeddable":true,"href":"https:\/\/vagas.portalemprego.com.br\/index.php?rest_route=\/wp\/v2\/users\/1"}],"replies":[{"embeddable":true,"href":"https:\/\/vagas.portalemprego.com.br\/index.php?rest_route=%2Fwp%2Fv2%2Fcomments&post=6500"}],"version-history":[{"count":0,"href":"https:\/\/vagas.portalemprego.com.br\/index.php?rest_route=\/wp\/v2\/posts\/6500\/revisions"}],"wp:attachment":[{"href":"https:\/\/vagas.portalemprego.com.br\/index.php?rest_route=%2Fwp%2Fv2%2Fmedia&parent=6500"}],"wp:term":[{"taxonomy":"category","embeddable":true,"href":"https:\/\/vagas.portalemprego.com.br\/index.php?rest_route=%2Fwp%2Fv2%2Fcategories&post=6500"},{"taxonomy":"post_tag","embeddable":true,"href":"https:\/\/vagas.portalemprego.com.br\/index.php?rest_route=%2Fwp%2Fv2%2Ftags&post=6500"}],"curies":[{"name":"wp","href":"https:\/\/api.w.org\/{rel}","templated":true}]}}