{"id":6501,"date":"2026-04-29T06:08:08","date_gmt":"2026-04-29T09:08:08","guid":{"rendered":"https:\/\/vagas.portalemprego.com.br\/?p=6501"},"modified":"2026-04-29T06:08:08","modified_gmt":"2026-04-29T09:08:08","slug":"banco-de-talentos-o-boticario-madureira-rj-comercial-vendas-rio-de-janeiro","status":"publish","type":"post","link":"https:\/\/vagas.portalemprego.com.br\/?p=6501","title":{"rendered":"Banco de Talentos &#8211; O Botic\u00e1rio &#8211; Madureira (RJ) &#8211; Comercial, Vendas &#8211; Rio de Janeiro"},"content":{"rendered":"<p>Voc\u00ea \u00e9 apaixonado(a) pelo universo da beleza, adora atender pessoas e sonha em construir uma carreira em uma das maiores marcas do pa\u00eds?<\/p>\n<p>Ent\u00e3o, seu lugar pode ser aqui, no time O Botic\u00e1rio!<\/p>\n<p>Ao se cadastrar no nosso Banco de Talentos, seu perfil ficar\u00e1 dispon\u00edvel para futuras oportunidades em nossas lojas. Buscamos pessoas engajadas, proativas e que queiram crescer junto com a gente.<\/p>\n<p>Aqui, voc\u00ea encontra:<\/p>\n<p>Um ambiente diverso e inclusivo.<br \/>\nOportunidades reais de desenvolvimento e carreira.<br \/>\nUma cultura de cuidado, respeito e paix\u00e3o pelo que fazemos.<\/p>\n<p>Cadastre seu curr\u00edculo e fa\u00e7a parte da nossa hist\u00f3ria!<\/p>\n<ul>\n<li>N\u00famero de vagas: 10<\/li>\n<li>Local de trabalho: Rio de Janeiro, RJ<\/li>\n<li>Regime de contrata\u00e7\u00e3o de tipo: Efetivo \u2013 CLT<\/li>\n<li>Jornada: Per\u00edodo Integral<\/li>\n<li>\u00c1rea e especializa\u00e7\u00e3o profissional: Comercial, Vendas &#8211; Lojas \/ Shopping<\/li>\n<li>N\u00edvel hier\u00e1rquico: Operacional<\/li>\n<\/ul>\n<p>VALORIZADO<\/p>\n<p>Tempo de experi\u00eancia: Entre 1 e 3 anos<\/p>\n<p>HABILIDADES<\/p>\n<ul>\n<li>Autonomia<\/li>\n<li>Senso de Equipe<\/li>\n<li>Proatividade<\/li>\n<li>Planejamento<\/li>\n<li>Agilidade<\/li>\n<\/ul>\n<p>Escolaridade M\u00ednima: Ensino M\u00e9dio (2\u00ba Grau)<\/p>\n<ul>\n<li>conv\u00eanio de faculdade<\/li>\n<li>desconto na marca<\/li>\n<li>vale transporte<\/li>\n<li>conv\u00eanio com o Sesc<\/li>\n<li>total pass<\/li>\n<\/ul>\n","protected":false},"excerpt":{"rendered":"<p>Voc\u00ea \u00e9 apaixonado(a) pelo universo da beleza, adora atender pessoas e sonha em construir uma carreira em uma das maiores marcas do pa\u00eds? Ent\u00e3o, seu lugar pode ser aqui, no time O Botic\u00e1rio! Ao se cadastrar no nosso Banco de Talentos, seu perfil ficar\u00e1 dispon\u00edvel para futuras oportunidades em nossas lojas. Buscamos pessoas engajadas, proativas [&hellip;]<\/p>\n","protected":false},"author":1,"featured_media":0,"comment_status":"open","ping_status":"open","sticky":false,"template":"","format":"standard","meta":{"footnotes":""},"categories":[21],"tags":[],"class_list":["post-6501","post","type-post","status-publish","format-standard","hentry","category-rio-de-janeiro-rj"],"_links":{"self":[{"href":"https:\/\/vagas.portalemprego.com.br\/index.php?rest_route=\/wp\/v2\/posts\/6501","targetHints":{"allow":["GET"]}}],"collection":[{"href":"https:\/\/vagas.portalemprego.com.br\/index.php?rest_route=\/wp\/v2\/posts"}],"about":[{"href":"https:\/\/vagas.portalemprego.com.br\/index.php?rest_route=\/wp\/v2\/types\/post"}],"author":[{"embeddable":true,"href":"https:\/\/vagas.portalemprego.com.br\/index.php?rest_route=\/wp\/v2\/users\/1"}],"replies":[{"embeddable":true,"href":"https:\/\/vagas.portalemprego.com.br\/index.php?rest_route=%2Fwp%2Fv2%2Fcomments&post=6501"}],"version-history":[{"count":0,"href":"https:\/\/vagas.portalemprego.com.br\/index.php?rest_route=\/wp\/v2\/posts\/6501\/revisions"}],"wp:attachment":[{"href":"https:\/\/vagas.portalemprego.com.br\/index.php?rest_route=%2Fwp%2Fv2%2Fmedia&parent=6501"}],"wp:term":[{"taxonomy":"category","embeddable":true,"href":"https:\/\/vagas.portalemprego.com.br\/index.php?rest_route=%2Fwp%2Fv2%2Fcategories&post=6501"},{"taxonomy":"post_tag","embeddable":true,"href":"https:\/\/vagas.portalemprego.com.br\/index.php?rest_route=%2Fwp%2Fv2%2Ftags&post=6501"}],"curies":[{"name":"wp","href":"https:\/\/api.w.org\/{rel}","templated":true}]}}