{"id":6502,"date":"2026-04-29T06:08:08","date_gmt":"2026-04-29T09:08:08","guid":{"rendered":"https:\/\/vagas.portalemprego.com.br\/?p=6502"},"modified":"2026-04-29T06:08:08","modified_gmt":"2026-04-29T09:08:08","slug":"analista-administrativo-senior-administracao-rio-de-janeiro","status":"publish","type":"post","link":"https:\/\/vagas.portalemprego.com.br\/?p=6502","title":{"rendered":"Analista Administrativo S\u00eanior &#8211; Administra\u00e7\u00e3o &#8211; Rio de Janeiro"},"content":{"rendered":"<p>Quem somos:<\/p>\n<p>Atuamos a mais de 20 anos comercializando produtos que tornam a vida mais f\u00e1cil, inspiram o dia a dia e estimulam experiencias para gerar satisfa\u00e7\u00e3o aos nossos clientes.<\/p>\n<p>Respons\u00e1vel por diversas marcas voltadas para produto de papelaria, mochilas, utilidade dom\u00e9stica, produtos natalinos, ver\u00e3o, decora\u00e7\u00e3o, bricolagem, entre outros.<\/p>\n<p>Nosso intuito \u00e9 trazer produtos de qualidade e pre\u00e7os acess\u00edvel, buscamos sempre tend\u00eancias mundiais para oferecer o que h\u00e1 de melhor ao nosso p\u00fablico.<\/p>\n<p>Contamos com 11 unidades no Brasil e 01 unidade da China, sendo 03 Centro de Distribui\u00e7\u00e3o, 06 Showroom, 02 Escrit\u00f3rios e 01 Escrit\u00f3rio na China.<\/p>\n<p>Nosso time \u00e9 composto por diversos profissionais, sendo 46% atuando na Log\u00edstica, al\u00e9m de um vasto time de representantes comerciais.<\/p>\n<p>Somos uma empresa multicultural, aqui voc\u00ea encontrar\u00e1 pessoas de diversos lugares. Um ambiente din\u00e2mico e colaborativo de desenvolvimento e com muitos desafios, o que permitir\u00e1 que a sua experi\u00eancia, de aprendizado e inova\u00e7\u00e3o ocorram o tempo todo.<\/p>\n<p>? Reporte: Gerente Administrativa.<\/p>\n<p>Atividades:<br \/>\n? Realiza a administra\u00e7\u00e3o e conserva\u00e7\u00e3o de condom\u00ednios;<br \/>\n? Administrar contratos de fornecedores e prestadores<br \/>\n? Coordenar a equipe operacional do pr\u00e9dio<br \/>\n? Garantir a manuten\u00e7\u00e3o preventiva e corretiva de elevadores, sistemas de inc\u00eandio, ar-condicionado central, ilumina\u00e7\u00e3o, hidr\u00e1ulica e el\u00e9trica.<br \/>\n? Controlar vistorias<br \/>\n? Implementar melhorias em infraestrutura e acessibilidade.<br \/>\n? Zelar pela seguran\u00e7a patrimonial e funcionalidade do pr\u00e9dio<br \/>\n? Garantir a organizar no Showroom<br \/>\n? Garantir a conferencia e organiza\u00e7\u00e3o das prateleiras.<\/p>\n<p>Requisitos e qualifica\u00e7\u00f5es:<br \/>\n? Ensino superior completo<br \/>\n? Pacote office completo.<\/p>\n<ul>\n<li>Local de trabalho: Rio de Janeiro, RJ<\/li>\n<li>Regime de contrata\u00e7\u00e3o de tipo: Efetivo \u2013 CLT<\/li>\n<li>Jornada: Per\u00edodo Integral<\/li>\n<li>\u00c1rea e especializa\u00e7\u00e3o profissional: Administra\u00e7\u00e3o &#8211; Administra\u00e7\u00e3o Geral<\/li>\n<li>N\u00edvel hier\u00e1rquico: Analista<\/li>\n<\/ul>\n<p>VALORIZADO<\/p>\n<p>Tempo de experi\u00eancia: Entre 1 e 3 anos<\/p>\n<p>Escolaridade M\u00ednima: Ensino Superior<\/p>\n<p>Forma\u00e7\u00e3o desejada:<\/p>\n<ul>\n<li>Administra\u00e7\u00e3o de empresas, Ensino Superior<\/li>\n<\/ul>\n<ul>\n<li>Vale alimenta\u00e7\u00e3o<\/li>\n<li>Vale refei\u00e7\u00e3o<\/li>\n<li>Plano odontol\u00f3gico<\/li>\n<li>Plano de sa\u00fade<\/li>\n<li>Vale transporte<\/li>\n<li>Compra de produtos com desconto<\/li>\n<\/ul>\n","protected":false},"excerpt":{"rendered":"<p>Quem somos: Atuamos a mais de 20 anos comercializando produtos que tornam a vida mais f\u00e1cil, inspiram o dia a dia e estimulam experiencias para gerar satisfa\u00e7\u00e3o aos nossos clientes. Respons\u00e1vel por diversas marcas voltadas para produto de papelaria, mochilas, utilidade dom\u00e9stica, produtos natalinos, ver\u00e3o, decora\u00e7\u00e3o, bricolagem, entre outros. Nosso intuito \u00e9 trazer produtos de [&hellip;]<\/p>\n","protected":false},"author":1,"featured_media":0,"comment_status":"open","ping_status":"open","sticky":false,"template":"","format":"standard","meta":{"footnotes":""},"categories":[21],"tags":[],"class_list":["post-6502","post","type-post","status-publish","format-standard","hentry","category-rio-de-janeiro-rj"],"_links":{"self":[{"href":"https:\/\/vagas.portalemprego.com.br\/index.php?rest_route=\/wp\/v2\/posts\/6502","targetHints":{"allow":["GET"]}}],"collection":[{"href":"https:\/\/vagas.portalemprego.com.br\/index.php?rest_route=\/wp\/v2\/posts"}],"about":[{"href":"https:\/\/vagas.portalemprego.com.br\/index.php?rest_route=\/wp\/v2\/types\/post"}],"author":[{"embeddable":true,"href":"https:\/\/vagas.portalemprego.com.br\/index.php?rest_route=\/wp\/v2\/users\/1"}],"replies":[{"embeddable":true,"href":"https:\/\/vagas.portalemprego.com.br\/index.php?rest_route=%2Fwp%2Fv2%2Fcomments&post=6502"}],"version-history":[{"count":0,"href":"https:\/\/vagas.portalemprego.com.br\/index.php?rest_route=\/wp\/v2\/posts\/6502\/revisions"}],"wp:attachment":[{"href":"https:\/\/vagas.portalemprego.com.br\/index.php?rest_route=%2Fwp%2Fv2%2Fmedia&parent=6502"}],"wp:term":[{"taxonomy":"category","embeddable":true,"href":"https:\/\/vagas.portalemprego.com.br\/index.php?rest_route=%2Fwp%2Fv2%2Fcategories&post=6502"},{"taxonomy":"post_tag","embeddable":true,"href":"https:\/\/vagas.portalemprego.com.br\/index.php?rest_route=%2Fwp%2Fv2%2Ftags&post=6502"}],"curies":[{"name":"wp","href":"https:\/\/api.w.org\/{rel}","templated":true}]}}