{"id":6503,"date":"2026-04-29T06:08:08","date_gmt":"2026-04-29T09:08:08","guid":{"rendered":"https:\/\/vagas.portalemprego.com.br\/?p=6503"},"modified":"2026-04-29T06:08:08","modified_gmt":"2026-04-29T09:08:08","slug":"vendedora-loja-de-calcados-ipanema-comercial-vendas-rio-de-janeiro","status":"publish","type":"post","link":"https:\/\/vagas.portalemprego.com.br\/?p=6503","title":{"rendered":"Vendedora &#8211; loja de cal\u00e7ados (Ipanema) &#8211; Comercial, Vendas &#8211; Rio de Janeiro"},"content":{"rendered":"<p>Marca carioca de sapatos femininos, bolsas e acess\u00f3rios contrata vendedora para fazer parte de sua equipe em sua unidade localizada em Ipanema.<\/p>\n<p>Sal\u00e1rio m\u00e9dio: R$ 2.500,00 (comissionado)<br \/>\nHor\u00e1rio: Segunda a s\u00e1bado (hor\u00e1rio De 11:30 as 20:00 segunda a sexta. S\u00e1bados de 12:15 as 18:30)<\/p>\n<p>Requisitos:<br \/>\n&#8211; Experi\u00eancia pr\u00e9via com vendas no varejo de moda;<br \/>\n&#8211; Compreens\u00e3o de indicadores;<br \/>\n&#8211; Boa comunica\u00e7\u00e3o;<br \/>\n&#8211; Perfil proativo e disposi\u00e7\u00e3o para ser desenvolvida;<br \/>\n&#8211; Disponibilidade para in\u00edcio imediato;<br \/>\n&#8211; Diferencial: experi\u00eancia com vendas online.<\/p>\n<ul>\n<li>Local de trabalho: Rio de Janeiro, RJ<\/li>\n<li>Regime de contrata\u00e7\u00e3o de tipo: Efetivo \u2013 CLT<\/li>\n<li>Jornada: Per\u00edodo Integral<\/li>\n<li>\u00c1rea e especializa\u00e7\u00e3o profissional: Comercial, Vendas &#8211; Lojas \/ Shopping<\/li>\n<li>N\u00edvel hier\u00e1rquico: Operacional<\/li>\n<\/ul>\n<p>Escolaridade M\u00ednima: Ensino M\u00e9dio (2\u00ba Grau)<\/p>\n<p>Sal\u00e1rio: 2400,0<\/p>\n","protected":false},"excerpt":{"rendered":"<p>Marca carioca de sapatos femininos, bolsas e acess\u00f3rios contrata vendedora para fazer parte de sua equipe em sua unidade localizada em Ipanema. Sal\u00e1rio m\u00e9dio: R$ 2.500,00 (comissionado) Hor\u00e1rio: Segunda a s\u00e1bado (hor\u00e1rio De 11:30 as 20:00 segunda a sexta. S\u00e1bados de 12:15 as 18:30) Requisitos: &#8211; Experi\u00eancia pr\u00e9via com vendas no varejo de moda; &#8211; [&hellip;]<\/p>\n","protected":false},"author":1,"featured_media":0,"comment_status":"open","ping_status":"open","sticky":false,"template":"","format":"standard","meta":{"footnotes":""},"categories":[21],"tags":[],"class_list":["post-6503","post","type-post","status-publish","format-standard","hentry","category-rio-de-janeiro-rj"],"_links":{"self":[{"href":"https:\/\/vagas.portalemprego.com.br\/index.php?rest_route=\/wp\/v2\/posts\/6503","targetHints":{"allow":["GET"]}}],"collection":[{"href":"https:\/\/vagas.portalemprego.com.br\/index.php?rest_route=\/wp\/v2\/posts"}],"about":[{"href":"https:\/\/vagas.portalemprego.com.br\/index.php?rest_route=\/wp\/v2\/types\/post"}],"author":[{"embeddable":true,"href":"https:\/\/vagas.portalemprego.com.br\/index.php?rest_route=\/wp\/v2\/users\/1"}],"replies":[{"embeddable":true,"href":"https:\/\/vagas.portalemprego.com.br\/index.php?rest_route=%2Fwp%2Fv2%2Fcomments&post=6503"}],"version-history":[{"count":0,"href":"https:\/\/vagas.portalemprego.com.br\/index.php?rest_route=\/wp\/v2\/posts\/6503\/revisions"}],"wp:attachment":[{"href":"https:\/\/vagas.portalemprego.com.br\/index.php?rest_route=%2Fwp%2Fv2%2Fmedia&parent=6503"}],"wp:term":[{"taxonomy":"category","embeddable":true,"href":"https:\/\/vagas.portalemprego.com.br\/index.php?rest_route=%2Fwp%2Fv2%2Fcategories&post=6503"},{"taxonomy":"post_tag","embeddable":true,"href":"https:\/\/vagas.portalemprego.com.br\/index.php?rest_route=%2Fwp%2Fv2%2Ftags&post=6503"}],"curies":[{"name":"wp","href":"https:\/\/api.w.org\/{rel}","templated":true}]}}