{"id":6504,"date":"2026-04-29T06:08:08","date_gmt":"2026-04-29T09:08:08","guid":{"rendered":"https:\/\/vagas.portalemprego.com.br\/?p=6504"},"modified":"2026-04-29T06:08:08","modified_gmt":"2026-04-29T09:08:08","slug":"1066-23-especialista-em-experiencia-do-cliente-em-macae-comercial-vendas-rio-das-ostras","status":"publish","type":"post","link":"https:\/\/vagas.portalemprego.com.br\/?p=6504","title":{"rendered":"#1066-23 &#8211; Especialista em Experi\u00eancia do Cliente em Maca\u00e9 &#8211; Comercial, Vendas &#8211; Rio das Ostras"},"content":{"rendered":"<p>Local: Maca\u00e9, RJ<br \/>\nRegime: CLT (presencial)<br \/>\nSal\u00e1rio: R$ 1.800 a R$ 2.300<br \/>\nHor\u00e1rio de Trabalho: 9h00 \u00e0s 18h00 (5&#215;2)<br \/>\nBenef\u00edcios: Plano de sa\u00fade, plano odontol\u00f3gico, vale alimenta\u00e7\u00e3o e vale transporte<\/p>\n<p>Sobre a oportunidade:<\/p>\n<p>Empresa do segmento aliment\u00edcio busca um profissional din\u00e2mico, simp\u00e1tico e proativo para garantir um atendimento excepcional e fortalecer o relacionamento com os clientes. O candidato ideal deve ter facilidade para se comunicar, lidar com diferentes situa\u00e7\u00f5es do dia a dia e estar preparado para atuar na gest\u00e3o de eventos e intera\u00e7\u00f5es digitais.<\/p>\n<p>Responsabilidades:<\/p>\n<p>Recepcionar e atender os clientes de forma cordial e atenciosa;<br \/>\nCuidar da comunica\u00e7\u00e3o com o cliente, tanto presencialmente quanto no digital (Instagram, Facebook e WhatsApp);<br \/>\nResponder mensagens e intera\u00e7\u00f5es nas redes sociais, garantindo um atendimento \u00e1gil e eficaz;<br \/>\nAnalisar a satisfa\u00e7\u00e3o dos clientes, coletar feedbacks e propor melhorias na experi\u00eancia do atendimento;<br \/>\nTrabalhar na organiza\u00e7\u00e3o e gest\u00e3o de eventos dentro da loja, incluindo:<br \/>\nAtendimento ao cliente interessado em eventos;<br \/>\nElabora\u00e7\u00e3o de or\u00e7amentos e retorno aos clientes;<br \/>\nAgendamento e acompanhamento dos eventos via WhatsApp;<br \/>\nGarantir que a comunica\u00e7\u00e3o da marca esteja alinhada com a qualidade e excel\u00eancia no atendimento.<\/p>\n<p>Requisitos:<\/p>\n<p>Proatividade, simpatia e facilidade para lidar com o p\u00fablico;<br \/>\nBoa comunica\u00e7\u00e3o verbal e escrita, tanto presencial quanto online;<br \/>\nOrganiza\u00e7\u00e3o para gerenciar atendimentos, or\u00e7amentos e eventos;<br \/>\nFacilidade com redes sociais e atendimento digital;<br \/>\nCapacidade de trabalhar em equipe e lidar com um ambiente din\u00e2mico.<\/p>\n<p>Diferenciais:<\/p>\n<p>Experi\u00eancia anterior em atendimento ao cliente e eventos;<br \/>\nConhecimento b\u00e1sico de marketing digital e redes sociais;<br \/>\nViv\u00eancia no segmento aliment\u00edcio ou varejo.<\/p>\n<ul>\n<li>Local de trabalho: Rio das Ostras, RJ<\/li>\n<li>Regime de contrata\u00e7\u00e3o de tipo: Efetivo \u2013 CLT<\/li>\n<li>Jornada: Per\u00edodo Integral<\/li>\n<li>\u00c1rea e especializa\u00e7\u00e3o profissional: Comercial, Vendas &#8211; Atendimento<\/li>\n<li>N\u00edvel hier\u00e1rquico: Assistente<\/li>\n<\/ul>\n<p>Escolaridade M\u00ednima: Ensino M\u00e9dio (2\u00ba Grau)<\/p>\n<p>Sal\u00e1rio: 2300,0<\/p>\n","protected":false},"excerpt":{"rendered":"<p>Local: Maca\u00e9, RJ Regime: CLT (presencial) Sal\u00e1rio: R$ 1.800 a R$ 2.300 Hor\u00e1rio de Trabalho: 9h00 \u00e0s 18h00 (5&#215;2) Benef\u00edcios: Plano de sa\u00fade, plano odontol\u00f3gico, vale alimenta\u00e7\u00e3o e vale transporte Sobre a oportunidade: Empresa do segmento aliment\u00edcio busca um profissional din\u00e2mico, simp\u00e1tico e proativo para garantir um atendimento excepcional e fortalecer o relacionamento com os [&hellip;]<\/p>\n","protected":false},"author":1,"featured_media":0,"comment_status":"open","ping_status":"open","sticky":false,"template":"","format":"standard","meta":{"footnotes":""},"categories":[21],"tags":[],"class_list":["post-6504","post","type-post","status-publish","format-standard","hentry","category-rio-de-janeiro-rj"],"_links":{"self":[{"href":"https:\/\/vagas.portalemprego.com.br\/index.php?rest_route=\/wp\/v2\/posts\/6504","targetHints":{"allow":["GET"]}}],"collection":[{"href":"https:\/\/vagas.portalemprego.com.br\/index.php?rest_route=\/wp\/v2\/posts"}],"about":[{"href":"https:\/\/vagas.portalemprego.com.br\/index.php?rest_route=\/wp\/v2\/types\/post"}],"author":[{"embeddable":true,"href":"https:\/\/vagas.portalemprego.com.br\/index.php?rest_route=\/wp\/v2\/users\/1"}],"replies":[{"embeddable":true,"href":"https:\/\/vagas.portalemprego.com.br\/index.php?rest_route=%2Fwp%2Fv2%2Fcomments&post=6504"}],"version-history":[{"count":0,"href":"https:\/\/vagas.portalemprego.com.br\/index.php?rest_route=\/wp\/v2\/posts\/6504\/revisions"}],"wp:attachment":[{"href":"https:\/\/vagas.portalemprego.com.br\/index.php?rest_route=%2Fwp%2Fv2%2Fmedia&parent=6504"}],"wp:term":[{"taxonomy":"category","embeddable":true,"href":"https:\/\/vagas.portalemprego.com.br\/index.php?rest_route=%2Fwp%2Fv2%2Fcategories&post=6504"},{"taxonomy":"post_tag","embeddable":true,"href":"https:\/\/vagas.portalemprego.com.br\/index.php?rest_route=%2Fwp%2Fv2%2Ftags&post=6504"}],"curies":[{"name":"wp","href":"https:\/\/api.w.org\/{rel}","templated":true}]}}