{"id":6505,"date":"2026-04-29T06:08:08","date_gmt":"2026-04-29T09:08:08","guid":{"rendered":"https:\/\/vagas.portalemprego.com.br\/?p=6505"},"modified":"2026-04-29T06:08:08","modified_gmt":"2026-04-29T09:08:08","slug":"especialista-em-linkedin-e-comunicacao-comercial-comunicacao-tv-cinema-rio-de-janeiro","status":"publish","type":"post","link":"https:\/\/vagas.portalemprego.com.br\/?p=6505","title":{"rendered":"Especialista em Linkedin e Comunica\u00e7\u00e3o Comercial &#8211; Comunica\u00e7\u00e3o, TV, Cinema &#8211; Rio de Janeiro"},"content":{"rendered":"<p>Estamos em busca de um(a) profissional apaixonado(a) por comunica\u00e7\u00e3o, marketing e relacionamento B2B, com dom\u00ednio estrat\u00e9gico da plataforma LinkedIn, para ajudar nossa empresa a se posicionar como refer\u00eancia em solu\u00e7\u00f5es de tecnologia.<br \/>\nEssa pessoa ser\u00e1 a ponte entre marketing e comercial, apoiando a gera\u00e7\u00e3o de oportunidades, construindo autoridade da marca e fortalecendo a presen\u00e7a dos nossos diretores e da empresa na principal rede profissional do mundo.<br \/>\nSuas principais responsabilidades:<br \/>\nLinkedIn<br \/>\ncomo plataforma estrat\u00e9gica<br \/>\n* Configurar e otimizar os perfis dos diretores (personal branding)<br \/>\n* Estruturar e posicionar a p\u00e1gina institucional da empresa no Linkedin<br \/>\n* Criar estrat\u00e9gias para aumentar visibilidade e facilitar conex\u00f5es com decisores e profissionais t\u00e9cnicos de alto n\u00edvel<br \/>\n* Monitorar intera\u00e7\u00f5es, agendar e sugerir postagens, pautas e tend\u00eancias. <\/p>\n<p>-Comunica\u00e7\u00e3o e conte\u00fado<br \/>\n* Produ\u00e7\u00e3o de conte\u00fado textual para LinkedIn e Instagram<br \/>\n* Reda\u00e7\u00e3o de comunicados peri\u00f3dicos e emergenciais (institucionais e internos)<br \/>\n* Cria\u00e7\u00e3o de textos para e-mail marketing e fluxos no RD Station (apoio)<br \/>\n* Curadoria de temas e sugest\u00f5es de pauta para redes sociais<br \/>\nSuporte comercial e<br \/>\nendomarketing<br \/>\n* Realizar o 1\u00b0 atendimento a leads (e-mail, WhatsApp, inbound)<br \/>\n* Apoiar a equipe na elabora\u00e7\u00e3o de propostas t\u00e9cnicas e comerciais<br \/>\n* Apontamento e organiza\u00e7\u00e3o de indicadores comerciais (leads, propostas, convers\u00e3o)<br \/>\n* Apoio a a\u00e7\u00f5es internas (anivers\u00e1rios, datas comemorativas, campanhas internas)<br \/>\n* Atualiza\u00e7\u00e3o de conte\u00fado na intranet via<br \/>\nSharePoint \u00a9* Atividades sob demanda:<br \/>\n* Suporte \u00e0 organiza\u00e7\u00e3o de eventos internos e externos<br \/>\n* Reuni\u00f5es com o time comercial para alinhar mensagens de campanhas<br \/>\n* Apoio em campanhas sazonais ou especiais em outras plataformas \u00a9<\/p>\n<p>&#8211; Requisitos desej\u00e1veis:<br \/>\n* Experi\u00eancia com Linkedin como ferramenta estrat\u00e9gica (pessoal e empresarial)<br \/>\n* Excelente reda\u00e7\u00e3o e comunica\u00e7\u00e3o escrita<br \/>\n* Boa organiza\u00e7\u00e3o e perfil proativo<br \/>\n* No\u00e7\u00f5es de inbound marketing, funil de vendas e copywriting<br \/>\n* Desej\u00e1vel conhecimento de RD Station,SharePoint e Instagram Business<br \/>\nabilidade de lidar com \u00e1reas diversas (comercial, marketing, diretoria) * O que valorizamos:<br \/>\n* Perfil comunicativo, curioso e com vis\u00e3o comercial<br \/>\n* Interesse por tecnologia, inova\u00e7\u00e3o e relacionamento B2B<br \/>\n* Capacidade de &#8220;ouvir o cliente&#8221; e transformar insights em conte\u00fado<\/p>\n<ul>\n<li>Local de trabalho: Rio de Janeiro, RJ<\/li>\n<li>Regime de contrata\u00e7\u00e3o de tipo: Efetivo \u2013 CLT<\/li>\n<li>Jornada: Per\u00edodo Integral<\/li>\n<li>\u00c1rea e especializa\u00e7\u00e3o profissional: Comunica\u00e7\u00e3o, TV, Cinema &#8211; Comunica\u00e7\u00e3o Interna<\/li>\n<li>N\u00edvel hier\u00e1rquico: Especialista<\/li>\n<\/ul>\n<p>Escolaridade M\u00ednima: Curso extra-curricular \/ Profissionalizante<\/p>\n","protected":false},"excerpt":{"rendered":"<p>Estamos em busca de um(a) profissional apaixonado(a) por comunica\u00e7\u00e3o, marketing e relacionamento B2B, com dom\u00ednio estrat\u00e9gico da plataforma LinkedIn, para ajudar nossa empresa a se posicionar como refer\u00eancia em solu\u00e7\u00f5es de tecnologia. Essa pessoa ser\u00e1 a ponte entre marketing e comercial, apoiando a gera\u00e7\u00e3o de oportunidades, construindo autoridade da marca e fortalecendo a presen\u00e7a dos [&hellip;]<\/p>\n","protected":false},"author":1,"featured_media":0,"comment_status":"open","ping_status":"open","sticky":false,"template":"","format":"standard","meta":{"footnotes":""},"categories":[21],"tags":[],"class_list":["post-6505","post","type-post","status-publish","format-standard","hentry","category-rio-de-janeiro-rj"],"_links":{"self":[{"href":"https:\/\/vagas.portalemprego.com.br\/index.php?rest_route=\/wp\/v2\/posts\/6505","targetHints":{"allow":["GET"]}}],"collection":[{"href":"https:\/\/vagas.portalemprego.com.br\/index.php?rest_route=\/wp\/v2\/posts"}],"about":[{"href":"https:\/\/vagas.portalemprego.com.br\/index.php?rest_route=\/wp\/v2\/types\/post"}],"author":[{"embeddable":true,"href":"https:\/\/vagas.portalemprego.com.br\/index.php?rest_route=\/wp\/v2\/users\/1"}],"replies":[{"embeddable":true,"href":"https:\/\/vagas.portalemprego.com.br\/index.php?rest_route=%2Fwp%2Fv2%2Fcomments&post=6505"}],"version-history":[{"count":0,"href":"https:\/\/vagas.portalemprego.com.br\/index.php?rest_route=\/wp\/v2\/posts\/6505\/revisions"}],"wp:attachment":[{"href":"https:\/\/vagas.portalemprego.com.br\/index.php?rest_route=%2Fwp%2Fv2%2Fmedia&parent=6505"}],"wp:term":[{"taxonomy":"category","embeddable":true,"href":"https:\/\/vagas.portalemprego.com.br\/index.php?rest_route=%2Fwp%2Fv2%2Fcategories&post=6505"},{"taxonomy":"post_tag","embeddable":true,"href":"https:\/\/vagas.portalemprego.com.br\/index.php?rest_route=%2Fwp%2Fv2%2Ftags&post=6505"}],"curies":[{"name":"wp","href":"https:\/\/api.w.org\/{rel}","templated":true}]}}