{"id":6513,"date":"2026-04-29T06:08:08","date_gmt":"2026-04-29T09:08:08","guid":{"rendered":"https:\/\/vagas.portalemprego.com.br\/?p=6513"},"modified":"2026-04-29T06:08:08","modified_gmt":"2026-04-29T09:08:08","slug":"vendedor-de-loja-de-shopping-comercial-vendas-macae","status":"publish","type":"post","link":"https:\/\/vagas.portalemprego.com.br\/?p=6513","title":{"rendered":"Vendedor de Loja de Shopping &#8211; Comercial, Vendas &#8211; Maca\u00e9"},"content":{"rendered":"<p>Oportunidade de Carreira em Vendas no Centro Comercial<\/p>\n<p>Estamos em busca de um profissional din\u00e2mico e entusiasmado para se juntar \u00e0 nossa equipe como Vendedor de Loja de Shopping.<br \/>\nSe voc\u00ea tem experi\u00eancia comprovada em vendas e um forte foco em atender e encantar os clientes, esta \u00e9 a oportunidade perfeita para voc\u00ea.<\/p>\n<p>Nossa empresa, LUANDRE SERVI\u00c7OS TEMPOR\u00c1RIOS LTDA., busca algu\u00e9m que possa contribuir para o crescimento e o sucesso da nossa loja, oferecendo um atendimento de excel\u00eancia e gerando resultados positivos em vendas.<br \/>\nO candidato ideal deve ter:<\/p>\n<p>&#8211; Experi\u00eancia s\u00f3lida em vendas, demonstrando habilidades para fechar neg\u00f3cios e superar metas.<br \/>\n&#8211; Excelente capacidade de atendimento ao cliente, com foco em proporcionar uma experi\u00eancia satisfat\u00f3ria e resolver quaisquer d\u00favidas ou problemas que possam surgir.<br \/>\n&#8211; Ensino m\u00e9dio completo, com forma\u00e7\u00e3o que ateste sua capacidade de comunica\u00e7\u00e3o e intera\u00e7\u00e3o com o p\u00fablico.<br \/>\n&#8211; Disponibilidade de hor\u00e1rio para trabalhar em turnos, incluindo finais de semana e feriados, conforme necess\u00e1rio para atender \u00e0s demandas da loja.<br \/>\n&#8211; Interesse em uma oportunidade tempor\u00e1ria que pode se transformar em algo mais, dependendo do desempenho e das necessidades da empresa.<\/p>\n<p>Se voc\u00ea se identifica com esses requisitos e tem o perfil que buscamos, esta \u00e9 uma chance \u00fanica de fazer parte de uma equipe comprometida e motivada.<br \/>\nJunte-se a n\u00f3s e contribua para o sucesso da nossa loja, proporcionando aos clientes uma experi\u00eancia de compra inesquec\u00edvel.<\/p>\n<p>Aguardamos seu curr\u00edculo para avaliarmos sua candidatura e discutirmos como voc\u00ea pode fazer a diferen\u00e7a em nosso ambiente de trabalho.<\/p>\n<ul>\n<li>N\u00famero de vagas: 2<\/li>\n<li>Local de trabalho: Maca\u00e9, RJ<\/li>\n<li>Regime de contrata\u00e7\u00e3o de tipo: Tempor\u00e1rio<\/li>\n<li>Jornada: Per\u00edodo Integral<\/li>\n<li>\u00c1rea e especializa\u00e7\u00e3o profissional: Comercial, Vendas &#8211; Lojas \/ Shopping<\/li>\n<li>N\u00edvel hier\u00e1rquico: Operacional<\/li>\n<\/ul>\n<p>VALORIZADO<\/p>\n<p>Tempo de experi\u00eancia: Menos de 1 ano<\/p>\n<p>HABILIDADES<\/p>\n<ul>\n<li>Vaga tempor\u00e1ria<\/li>\n<li>Disponibilidade de hor\u00e1rio<\/li>\n<li>Ensino m\u00e9dio completo<\/li>\n<li>Experi\u00eancia com atendimento ao cliente<\/li>\n<li>Experi\u00eancia com vendas<\/li>\n<\/ul>\n<p>Escolaridade M\u00ednima: Ensino M\u00e9dio (2\u00ba Grau)<\/p>\n<ul>\n<li>Vale-refei\u00e7\u00e3o<\/li>\n<li>Vale-transporte<\/li>\n<\/ul>\n<p>Sal\u00e1rio: 1401,0<\/p>\n","protected":false},"excerpt":{"rendered":"<p>Oportunidade de Carreira em Vendas no Centro Comercial Estamos em busca de um profissional din\u00e2mico e entusiasmado para se juntar \u00e0 nossa equipe como Vendedor de Loja de Shopping. Se voc\u00ea tem experi\u00eancia comprovada em vendas e um forte foco em atender e encantar os clientes, esta \u00e9 a oportunidade perfeita para voc\u00ea. Nossa empresa, [&hellip;]<\/p>\n","protected":false},"author":1,"featured_media":0,"comment_status":"open","ping_status":"open","sticky":false,"template":"","format":"standard","meta":{"footnotes":""},"categories":[21],"tags":[],"class_list":["post-6513","post","type-post","status-publish","format-standard","hentry","category-rio-de-janeiro-rj"],"_links":{"self":[{"href":"https:\/\/vagas.portalemprego.com.br\/index.php?rest_route=\/wp\/v2\/posts\/6513","targetHints":{"allow":["GET"]}}],"collection":[{"href":"https:\/\/vagas.portalemprego.com.br\/index.php?rest_route=\/wp\/v2\/posts"}],"about":[{"href":"https:\/\/vagas.portalemprego.com.br\/index.php?rest_route=\/wp\/v2\/types\/post"}],"author":[{"embeddable":true,"href":"https:\/\/vagas.portalemprego.com.br\/index.php?rest_route=\/wp\/v2\/users\/1"}],"replies":[{"embeddable":true,"href":"https:\/\/vagas.portalemprego.com.br\/index.php?rest_route=%2Fwp%2Fv2%2Fcomments&post=6513"}],"version-history":[{"count":0,"href":"https:\/\/vagas.portalemprego.com.br\/index.php?rest_route=\/wp\/v2\/posts\/6513\/revisions"}],"wp:attachment":[{"href":"https:\/\/vagas.portalemprego.com.br\/index.php?rest_route=%2Fwp%2Fv2%2Fmedia&parent=6513"}],"wp:term":[{"taxonomy":"category","embeddable":true,"href":"https:\/\/vagas.portalemprego.com.br\/index.php?rest_route=%2Fwp%2Fv2%2Fcategories&post=6513"},{"taxonomy":"post_tag","embeddable":true,"href":"https:\/\/vagas.portalemprego.com.br\/index.php?rest_route=%2Fwp%2Fv2%2Ftags&post=6513"}],"curies":[{"name":"wp","href":"https:\/\/api.w.org\/{rel}","templated":true}]}}