{"id":6516,"date":"2026-04-29T06:08:08","date_gmt":"2026-04-29T09:08:08","guid":{"rendered":"https:\/\/vagas.portalemprego.com.br\/?p=6516"},"modified":"2026-04-29T06:08:08","modified_gmt":"2026-04-29T09:08:08","slug":"conferente-logistica-rio-de-janeiro","status":"publish","type":"post","link":"https:\/\/vagas.portalemprego.com.br\/?p=6516","title":{"rendered":"Conferente &#8211; Log\u00edstica &#8211; Rio de Janeiro"},"content":{"rendered":"<p>Oportunidade para Conferente <\/p>\n<p>Ramo: Farmac\u00eautico e Cosm\u00e9tico<\/p>\n<p>?Atividades realizadas no cargo:<\/p>\n<p>Conferir as mercadoria separadas, comparando com o especificado nas ordens de saida, notas fiscais ou notas de despacho. Inspecionar o estado das mercadorias e acondiciona-las adequadamente. Preparar a documenta\u00e7\u00e3o de saida, separar os lotes conforme regi\u00f5es ou ordem de retirada, assim como solicitar vistos quando do despacho. Preparar controle di\u00e1rios sobre mercadorias despachadas ou depositadas em sua area. Experi\u00eancia em conferencia de mercadoria no segmento de transportes; <\/p>\n<p>? Requisitos:<\/p>\n<p>* Ensino M\u00e9dio Completo.<\/p>\n<p>* Experiencia com o cargo de conferente .<\/p>\n<p>* Nunca ter atuado na empresa Luft<\/p>\n<p>??Residir em  regi\u00f5es pr\u00f3ximas.<\/p>\n<p>? Contrata\u00e7\u00e3o:<\/p>\n<p>* Vaga tempor\u00e1ria com grandes chances de efetiva\u00e7\u00e3o.<\/p>\n<p>?? Sal\u00e1rio: 1.998,02<\/p>\n<p>?? Benef\u00edcios: Vale Transporte e Refei\u00e7\u00e3o  no Local <\/p>\n<p>?Hor\u00e1rio: 12hrs as 21:48<\/p>\n<ul>\n<li>Local de trabalho: Rio de Janeiro, RJ<\/li>\n<li>Regime de contrata\u00e7\u00e3o de tipo: Tempor\u00e1rio<\/li>\n<li>Jornada: Parcial tardes<\/li>\n<li>\u00c1rea e especializa\u00e7\u00e3o profissional: Log\u00edstica &#8211; Estoque, Armazenagem, Dep\u00f3sito<\/li>\n<li>N\u00edvel hier\u00e1rquico: Operacional<\/li>\n<\/ul>\n<p>Escolaridade M\u00ednima: Ensino M\u00e9dio (2\u00ba Grau)<\/p>\n<ul>\n<li>Vale Transporte<\/li>\n<li>Refei\u00e7\u00e3o  no Local<\/li>\n<\/ul>\n<p>Sal\u00e1rio: 1998,02<\/p>\n","protected":false},"excerpt":{"rendered":"<p>Oportunidade para Conferente Ramo: Farmac\u00eautico e Cosm\u00e9tico ?Atividades realizadas no cargo: Conferir as mercadoria separadas, comparando com o especificado nas ordens de saida, notas fiscais ou notas de despacho. Inspecionar o estado das mercadorias e acondiciona-las adequadamente. Preparar a documenta\u00e7\u00e3o de saida, separar os lotes conforme regi\u00f5es ou ordem de retirada, assim como solicitar vistos [&hellip;]<\/p>\n","protected":false},"author":1,"featured_media":0,"comment_status":"open","ping_status":"open","sticky":false,"template":"","format":"standard","meta":{"footnotes":""},"categories":[21],"tags":[],"class_list":["post-6516","post","type-post","status-publish","format-standard","hentry","category-rio-de-janeiro-rj"],"_links":{"self":[{"href":"https:\/\/vagas.portalemprego.com.br\/index.php?rest_route=\/wp\/v2\/posts\/6516","targetHints":{"allow":["GET"]}}],"collection":[{"href":"https:\/\/vagas.portalemprego.com.br\/index.php?rest_route=\/wp\/v2\/posts"}],"about":[{"href":"https:\/\/vagas.portalemprego.com.br\/index.php?rest_route=\/wp\/v2\/types\/post"}],"author":[{"embeddable":true,"href":"https:\/\/vagas.portalemprego.com.br\/index.php?rest_route=\/wp\/v2\/users\/1"}],"replies":[{"embeddable":true,"href":"https:\/\/vagas.portalemprego.com.br\/index.php?rest_route=%2Fwp%2Fv2%2Fcomments&post=6516"}],"version-history":[{"count":0,"href":"https:\/\/vagas.portalemprego.com.br\/index.php?rest_route=\/wp\/v2\/posts\/6516\/revisions"}],"wp:attachment":[{"href":"https:\/\/vagas.portalemprego.com.br\/index.php?rest_route=%2Fwp%2Fv2%2Fmedia&parent=6516"}],"wp:term":[{"taxonomy":"category","embeddable":true,"href":"https:\/\/vagas.portalemprego.com.br\/index.php?rest_route=%2Fwp%2Fv2%2Fcategories&post=6516"},{"taxonomy":"post_tag","embeddable":true,"href":"https:\/\/vagas.portalemprego.com.br\/index.php?rest_route=%2Fwp%2Fv2%2Ftags&post=6516"}],"curies":[{"name":"wp","href":"https:\/\/api.w.org\/{rel}","templated":true}]}}