{"id":6520,"date":"2026-04-29T06:09:09","date_gmt":"2026-04-29T09:09:09","guid":{"rendered":"https:\/\/vagas.portalemprego.com.br\/?p=6520"},"modified":"2026-04-29T06:09:09","modified_gmt":"2026-04-29T09:09:09","slug":"frentista-comercial-vendas-rio-de-janeiro","status":"publish","type":"post","link":"https:\/\/vagas.portalemprego.com.br\/?p=6520","title":{"rendered":"Frentista &#8211; Comercial, Vendas &#8211; Rio de Janeiro"},"content":{"rendered":"<p>Per\u00edodo de 01\/12 a 31\/12 das 8:00 as 17:00 e de s\u00e1bado as 8:00 as 12:00.<br \/>\nSal\u00e1rio , 1518 + 30% de periculosidade , VR 11,61 dia VA\u00a0 211,79 + VT a combinar.<br \/>\n\u00a0Endere\u00e7o : AV ,20 de janeiro S\/N ao lado do Gale\u00e3o\u00a0<\/p>\n<p>Operar a bomba de gasolina e completar o tanque dos consumidores de acordo com a quantia requisitada.<br \/>\nRealizar a cobran\u00e7a do valor.<br \/>\nVerificar rotineiramente o reabastecimento de \u00f3leo, calibragem de pneus<\/p>\n<ul>\n<li>Local de trabalho: Rio de Janeiro, RJ<\/li>\n<li>Regime de contrata\u00e7\u00e3o de tipo: Efetivo \u2013 CLT<\/li>\n<li>Jornada: Per\u00edodo Integral<\/li>\n<li>\u00c1rea e especializa\u00e7\u00e3o profissional: Comercial, Vendas &#8211; Atendimento<\/li>\n<li>N\u00edvel hier\u00e1rquico: Operacional<\/li>\n<\/ul>\n<p>Escolaridade M\u00ednima: Ensino M\u00e9dio (2\u00ba Grau)<\/p>\n<p>Habilita\u00e7\u00e3o para dirigir: B<\/p>\n<p>Sal\u00e1rio: 1700,0<\/p>\n","protected":false},"excerpt":{"rendered":"<p>Per\u00edodo de 01\/12 a 31\/12 das 8:00 as 17:00 e de s\u00e1bado as 8:00 as 12:00. Sal\u00e1rio , 1518 + 30% de periculosidade , VR 11,61 dia VA\u00a0 211,79 + VT a combinar. \u00a0Endere\u00e7o : AV ,20 de janeiro S\/N ao lado do Gale\u00e3o\u00a0 Operar a bomba de gasolina e completar o tanque dos consumidores [&hellip;]<\/p>\n","protected":false},"author":1,"featured_media":0,"comment_status":"open","ping_status":"open","sticky":false,"template":"","format":"standard","meta":{"footnotes":""},"categories":[21],"tags":[],"class_list":["post-6520","post","type-post","status-publish","format-standard","hentry","category-rio-de-janeiro-rj"],"_links":{"self":[{"href":"https:\/\/vagas.portalemprego.com.br\/index.php?rest_route=\/wp\/v2\/posts\/6520","targetHints":{"allow":["GET"]}}],"collection":[{"href":"https:\/\/vagas.portalemprego.com.br\/index.php?rest_route=\/wp\/v2\/posts"}],"about":[{"href":"https:\/\/vagas.portalemprego.com.br\/index.php?rest_route=\/wp\/v2\/types\/post"}],"author":[{"embeddable":true,"href":"https:\/\/vagas.portalemprego.com.br\/index.php?rest_route=\/wp\/v2\/users\/1"}],"replies":[{"embeddable":true,"href":"https:\/\/vagas.portalemprego.com.br\/index.php?rest_route=%2Fwp%2Fv2%2Fcomments&post=6520"}],"version-history":[{"count":0,"href":"https:\/\/vagas.portalemprego.com.br\/index.php?rest_route=\/wp\/v2\/posts\/6520\/revisions"}],"wp:attachment":[{"href":"https:\/\/vagas.portalemprego.com.br\/index.php?rest_route=%2Fwp%2Fv2%2Fmedia&parent=6520"}],"wp:term":[{"taxonomy":"category","embeddable":true,"href":"https:\/\/vagas.portalemprego.com.br\/index.php?rest_route=%2Fwp%2Fv2%2Fcategories&post=6520"},{"taxonomy":"post_tag","embeddable":true,"href":"https:\/\/vagas.portalemprego.com.br\/index.php?rest_route=%2Fwp%2Fv2%2Ftags&post=6520"}],"curies":[{"name":"wp","href":"https:\/\/api.w.org\/{rel}","templated":true}]}}