{"id":6522,"date":"2026-04-29T06:09:09","date_gmt":"2026-04-29T09:09:09","guid":{"rendered":"https:\/\/vagas.portalemprego.com.br\/?p=6522"},"modified":"2026-04-29T06:09:09","modified_gmt":"2026-04-29T09:09:09","slug":"gestor-de-crm-comercial-vendas-rio-de-janeiro","status":"publish","type":"post","link":"https:\/\/vagas.portalemprego.com.br\/?p=6522","title":{"rendered":"Gestor de CRM &#8211; Comercial, Vendas &#8211; Rio de Janeiro"},"content":{"rendered":"<p>Gerente de CRM<\/p>\n<p>A Dealerhunter \u00e9 a primeira HRTech especialista no setor automotivo da Am\u00e9rica. Nossa miss\u00e3o \u00e9 conectar os melhores talentos aos maiores grupos do setor automotivo da Am\u00e9rica Latina.<\/p>\n<p>Descri\u00e7\u00e3o:<\/p>\n<p>Estamos em busca de um(a) Gerente de CRM com experi\u00eancia s\u00f3lida em grandes grupos do setor automotivo e forte viv\u00eancia na gest\u00e3o de alto volume de leads. A posi\u00e7\u00e3o \u00e9 para atua\u00e7\u00e3o no Rio de Janeiro de maneira PRESENCIAL. Buscamos um perfil estrat\u00e9gico, com vis\u00e3o anal\u00edtica, forte lideran\u00e7a e capacidade de otimizar processos e pessoas em ambientes com metas desafiadoras.\u00a0<\/p>\n<p>Localidade: Rio de Janeiro \u2013 RJ (presencial)<br \/>\nEquipe: Aproximadamente 10 pessoas sob gest\u00e3o direta<\/p>\n<p>Responsabilidades:<\/p>\n<p>Gerenciar a opera\u00e7\u00e3o de CRM com foco em convers\u00e3o de leads e maximiza\u00e7\u00e3o de oportunidades comerciais.<\/p>\n<p>Liderar, treinar e motivar uma equipe com cerca de 10 profissionais.<\/p>\n<p>Analisar indicadores, gerar relat\u00f3rios de performance e propor a\u00e7\u00f5es de melhoria cont\u00ednua.<\/p>\n<p>Garantir o correto fluxo de atendimento e uso das ferramentas de CRM.<\/p>\n<p>Trabalhar em parceria com as \u00e1reas de marketing, vendas e p\u00f3s-vendas.<\/p>\n<p>Implantar e manter boas pr\u00e1ticas de relacionamento com o cliente.<\/p>\n<p>Requisitos:<\/p>\n<p>Experi\u00eancia como gerente de CRM em grupos automotivos de grande porte.<\/p>\n<p>Viv\u00eancia com alto volume de leads e gest\u00e3o de equipes multidisciplinares.<\/p>\n<p>Perfil anal\u00edtico, com dom\u00ednio de KPIs e estrat\u00e9gias de convers\u00e3o.<\/p>\n<p>Lideran\u00e7a, organiza\u00e7\u00e3o e capacidade de gerar engajamento e performance.<\/p>\n<p>Conhecimento em plataformas de CRM automotivo e ferramentas de automa\u00e7\u00e3o.<\/p>\n<p>Desej\u00e1vel: atua\u00e7\u00e3o anterior em grupos como Potenza, Azurra ou similares.<\/p>\n<p>Remunera\u00e7\u00e3o:<\/p>\n<p>R$ 7.000,00 fixo<br \/>\nVari\u00e1vel por performance, podendo atingir at\u00e9 R$ 12.000,00 mensais<\/p>\n<ul>\n<li>Local de trabalho: Rio de Janeiro, RJ<\/li>\n<li>Regime de contrata\u00e7\u00e3o de tipo: Efetivo \u2013 CLT<\/li>\n<li>Jornada: Per\u00edodo Integral<\/li>\n<li>\u00c1rea e especializa\u00e7\u00e3o profissional: Comercial, Vendas &#8211; Representa\u00e7\u00e3o Comercial<\/li>\n<li>N\u00edvel hier\u00e1rquico: Coordenador<\/li>\n<\/ul>\n<p>Escolaridade M\u00ednima: Ensino M\u00e9dio (2\u00ba Grau)<\/p>\n<ul>\n<li>comiss\u00f5es<\/li>\n<li>VT<\/li>\n<\/ul>\n<p>Sal\u00e1rio: 12000,0<\/p>\n","protected":false},"excerpt":{"rendered":"<p>Gerente de CRM A Dealerhunter \u00e9 a primeira HRTech especialista no setor automotivo da Am\u00e9rica. Nossa miss\u00e3o \u00e9 conectar os melhores talentos aos maiores grupos do setor automotivo da Am\u00e9rica Latina. Descri\u00e7\u00e3o: Estamos em busca de um(a) Gerente de CRM com experi\u00eancia s\u00f3lida em grandes grupos do setor automotivo e forte viv\u00eancia na gest\u00e3o de [&hellip;]<\/p>\n","protected":false},"author":1,"featured_media":0,"comment_status":"open","ping_status":"open","sticky":false,"template":"","format":"standard","meta":{"footnotes":""},"categories":[21],"tags":[],"class_list":["post-6522","post","type-post","status-publish","format-standard","hentry","category-rio-de-janeiro-rj"],"_links":{"self":[{"href":"https:\/\/vagas.portalemprego.com.br\/index.php?rest_route=\/wp\/v2\/posts\/6522","targetHints":{"allow":["GET"]}}],"collection":[{"href":"https:\/\/vagas.portalemprego.com.br\/index.php?rest_route=\/wp\/v2\/posts"}],"about":[{"href":"https:\/\/vagas.portalemprego.com.br\/index.php?rest_route=\/wp\/v2\/types\/post"}],"author":[{"embeddable":true,"href":"https:\/\/vagas.portalemprego.com.br\/index.php?rest_route=\/wp\/v2\/users\/1"}],"replies":[{"embeddable":true,"href":"https:\/\/vagas.portalemprego.com.br\/index.php?rest_route=%2Fwp%2Fv2%2Fcomments&post=6522"}],"version-history":[{"count":0,"href":"https:\/\/vagas.portalemprego.com.br\/index.php?rest_route=\/wp\/v2\/posts\/6522\/revisions"}],"wp:attachment":[{"href":"https:\/\/vagas.portalemprego.com.br\/index.php?rest_route=%2Fwp%2Fv2%2Fmedia&parent=6522"}],"wp:term":[{"taxonomy":"category","embeddable":true,"href":"https:\/\/vagas.portalemprego.com.br\/index.php?rest_route=%2Fwp%2Fv2%2Fcategories&post=6522"},{"taxonomy":"post_tag","embeddable":true,"href":"https:\/\/vagas.portalemprego.com.br\/index.php?rest_route=%2Fwp%2Fv2%2Ftags&post=6522"}],"curies":[{"name":"wp","href":"https:\/\/api.w.org\/{rel}","templated":true}]}}