{"id":6524,"date":"2026-04-29T06:09:09","date_gmt":"2026-04-29T09:09:09","guid":{"rendered":"https:\/\/vagas.portalemprego.com.br\/?p=6524"},"modified":"2026-04-29T06:09:09","modified_gmt":"2026-04-29T09:09:09","slug":"tecnico-de-enfermagem-banco-de-talentos-saude-niteroi","status":"publish","type":"post","link":"https:\/\/vagas.portalemprego.com.br\/?p=6524","title":{"rendered":"T\u00e9cnico de Enfermagem (Banco de Talentos) &#8211; Sa\u00fade &#8211; Niter\u00f3i"},"content":{"rendered":"<p>Estamos em busca de um T\u00e9cnico de Enfermagem para se juntar ao nosso time.<\/p>\n<p>O profissional ser\u00e1 respons\u00e1vel por fornecer cuidados de alta qualidade aos pacientes.<br \/>\nSer\u00e1 respons\u00e1vel pelo monitoramento de sinais vitais, administrando medicamentos, realizando procedimentos t\u00e9cnicos e demais atividades relacionadas ao cuidado do paciente.<br \/>\nSua capacidade de trabalhar sob press\u00e3o e sua aten\u00e7\u00e3o aos detalhes s\u00e3o fundamentais para garantir o bem-estar dos pacientes e o sucesso do tratamento.<\/p>\n<p>Experi\u00eancia pr\u00e9via \u00e9 essencial, assim como Coren ativo.<\/p>\n<p>Se voc\u00ea \u00e9 um T\u00e9cnico de Enfermagem deseja fazer uma diferen\u00e7a significativa na vida dos pacientes, esta \u00e9 uma oportunidade para se juntar a nossa equipe.<\/p>\n<ul>\n<li>Local de trabalho: Niter\u00f3i, RJ<\/li>\n<li>Regime de contrata\u00e7\u00e3o de tipo: Efetivo \u2013 CLT<\/li>\n<li>Jornada: Per\u00edodo Integral<\/li>\n<li>\u00c1rea e especializa\u00e7\u00e3o profissional: Sa\u00fade &#8211; Enfermagem<\/li>\n<li>N\u00edvel hier\u00e1rquico: Operacional<\/li>\n<\/ul>\n<p>VALORIZADO<\/p>\n<p>Tempo de experi\u00eancia: Entre 1 e 3 anos<\/p>\n<p>Escolaridade M\u00ednima: Curso T\u00e9cnico<\/p>\n<p>Forma\u00e7\u00e3o desejada:<\/p>\n<ul>\n<li>Enfermagem, Curso T\u00e9cnico<\/li>\n<\/ul>\n<ul>\n<li>Desconto em Universidade e Farm\u00e1cia<\/li>\n<li>Aux\u00edlio Educa\u00e7\u00e3o<\/li>\n<li>Plano de sa\u00fade<\/li>\n<li>Plano Odontol\u00f3gico<\/li>\n<li>Empr\u00e9stimo Consignado<\/li>\n<li>Wellhub (Gympass)<\/li>\n<li>Aux\u00edlio creche<\/li>\n<li>Vale transporte<\/li>\n<li>Refei\u00e7\u00e3o no local<\/li>\n<li>Vale alimenta\u00e7\u00e3o<\/li>\n<\/ul>\n","protected":false},"excerpt":{"rendered":"<p>Estamos em busca de um T\u00e9cnico de Enfermagem para se juntar ao nosso time. O profissional ser\u00e1 respons\u00e1vel por fornecer cuidados de alta qualidade aos pacientes. Ser\u00e1 respons\u00e1vel pelo monitoramento de sinais vitais, administrando medicamentos, realizando procedimentos t\u00e9cnicos e demais atividades relacionadas ao cuidado do paciente. Sua capacidade de trabalhar sob press\u00e3o e sua aten\u00e7\u00e3o [&hellip;]<\/p>\n","protected":false},"author":1,"featured_media":0,"comment_status":"open","ping_status":"open","sticky":false,"template":"","format":"standard","meta":{"footnotes":""},"categories":[21],"tags":[],"class_list":["post-6524","post","type-post","status-publish","format-standard","hentry","category-rio-de-janeiro-rj"],"_links":{"self":[{"href":"https:\/\/vagas.portalemprego.com.br\/index.php?rest_route=\/wp\/v2\/posts\/6524","targetHints":{"allow":["GET"]}}],"collection":[{"href":"https:\/\/vagas.portalemprego.com.br\/index.php?rest_route=\/wp\/v2\/posts"}],"about":[{"href":"https:\/\/vagas.portalemprego.com.br\/index.php?rest_route=\/wp\/v2\/types\/post"}],"author":[{"embeddable":true,"href":"https:\/\/vagas.portalemprego.com.br\/index.php?rest_route=\/wp\/v2\/users\/1"}],"replies":[{"embeddable":true,"href":"https:\/\/vagas.portalemprego.com.br\/index.php?rest_route=%2Fwp%2Fv2%2Fcomments&post=6524"}],"version-history":[{"count":0,"href":"https:\/\/vagas.portalemprego.com.br\/index.php?rest_route=\/wp\/v2\/posts\/6524\/revisions"}],"wp:attachment":[{"href":"https:\/\/vagas.portalemprego.com.br\/index.php?rest_route=%2Fwp%2Fv2%2Fmedia&parent=6524"}],"wp:term":[{"taxonomy":"category","embeddable":true,"href":"https:\/\/vagas.portalemprego.com.br\/index.php?rest_route=%2Fwp%2Fv2%2Fcategories&post=6524"},{"taxonomy":"post_tag","embeddable":true,"href":"https:\/\/vagas.portalemprego.com.br\/index.php?rest_route=%2Fwp%2Fv2%2Ftags&post=6524"}],"curies":[{"name":"wp","href":"https:\/\/api.w.org\/{rel}","templated":true}]}}