{"id":6526,"date":"2026-04-29T06:05:05","date_gmt":"2026-04-29T09:05:05","guid":{"rendered":"https:\/\/vagas.portalemprego.com.br\/?p=6526"},"modified":"2026-04-29T06:05:05","modified_gmt":"2026-04-29T09:05:05","slug":"vendedor-junior-pcd-comercial-vendas-sao-goncalo","status":"publish","type":"post","link":"https:\/\/vagas.portalemprego.com.br\/?p=6526","title":{"rendered":"Vendedor J\u00fanior &#8211; PcD &#8211; Comercial, Vendas &#8211; S\u00e3o Gon\u00e7alo"},"content":{"rendered":"<p>Realizar as reposi\u00e7\u00f5es de mercadorias nos lineares\/fam\u00edlias e no \u201cpicking\u201d, executando os procedimentos b\u00e1sicos de &#8220;cheio, limpo, balizado, seguro&#8221;, mantendo o correto endere\u00e7amento dos estoques no corredor, sugerindo os ajustes quando necess\u00e1rio e cumprindo as regras e procedimento de seguran\u00e7a, para garantir sempre uma grande disponibilidade de estoque para o cliente;<br \/>\nRealizar a troca das etiquetas e a confec\u00e7\u00e3o das balizagens e exposi\u00e7\u00f5es das amostras dos produtos, seguindo o procedimento de &#8220;vejo, entendo, toco e compro&#8221;, mantendo em perfeito estado as exposi\u00e7\u00f5es dos displays, cross marketing e cartobags, facilitando assim o autoatendimento do cliente na frente do linear;<br \/>\nCuidar para que n\u00e3o haja pallets, mercadorias, caixas, pl\u00e1sticos, equipamentos ou qualquer coisa que atrapalhe ou obstrua a circula\u00e7\u00e3o dos clientes nos corredores da sess\u00e3o, evitando assim poss\u00edveis acidentes;<br \/>\nEstar atento \u00e0s solicita\u00e7\u00f5es dos caixas e prestar o suporte sempre que necess\u00e1rio, para garantir a rapidez no atendimento ao cliente;<br \/>\nDedicar aten\u00e7\u00e3o aos clientes quando abordados por eles, sempre com cordialidade, aten\u00e7\u00e3o e disponibilidade, viabilizando as vendas atrav\u00e9s de um bom atendimento;<br \/>\nFazer bipagem da ruptura visual do territ\u00f3rio sob sua responsabilidade, considerando as 4 hip\u00f3teses (reabastecimento, invent\u00e1rio, AVS&#8217;s e ruptura n\u00e3o bipada), a fim de realizar o controle dos produtos dispon\u00edveis.<\/p>\n<ul>\n<li>N\u00famero de vagas: 3<\/li>\n<li>Local de trabalho: S\u00e3o Gon\u00e7alo, RJ<\/li>\n<li>Regime de contrata\u00e7\u00e3o de tipo: Efetivo \u2013 CLT<\/li>\n<li>Jornada: Per\u00edodo Integral<\/li>\n<li>\u00c1rea e especializa\u00e7\u00e3o profissional: Comercial, Vendas &#8211; Atendimento<\/li>\n<li>N\u00edvel hier\u00e1rquico: Operacional<\/li>\n<\/ul>\n<p>VALORIZADO<\/p>\n<p>Tempo de experi\u00eancia: Menos de 1 ano<\/p>\n<p>HABILIDADES<\/p>\n<ul>\n<li>Ensino M\u00e9dio completo; Conhecimento na opera\u00e7\u00e3o de plataforma de eleva\u00e7\u00e3o e escadas; Conhecimento em vendas e negocia\u00e7\u00e3o, tend\u00eancias de mercado, demanda e concorr\u00eancia; Pacote Office &#8211; Word e Excel.<\/li>\n<\/ul>\n<p>Escolaridade M\u00ednima: Ensino M\u00e9dio (2\u00ba Grau)<\/p>\n<ul>\n<li>Cesta de Natal;<\/li>\n<li>Vale transporte ou estacionamento.<\/li>\n<li>Licen\u00e7a-maternidade e paternidade estendidas;<\/li>\n<li>Pr\u00eamio de Progresso;<\/li>\n<li>Cesta b\u00e1sica;<\/li>\n<li>Assist\u00eancia m\u00e9dica;<\/li>\n<li>Gympass;<\/li>\n<li>Seguro de vida;<\/li>\n<li>Assist\u00eancia odontol\u00f3gica;<\/li>\n<li>Refei\u00e7\u00e3o no local;<\/li>\n<\/ul>\n","protected":false},"excerpt":{"rendered":"<p>Realizar as reposi\u00e7\u00f5es de mercadorias nos lineares\/fam\u00edlias e no \u201cpicking\u201d, executando os procedimentos b\u00e1sicos de &#8220;cheio, limpo, balizado, seguro&#8221;, mantendo o correto endere\u00e7amento dos estoques no corredor, sugerindo os ajustes quando necess\u00e1rio e cumprindo as regras e procedimento de seguran\u00e7a, para garantir sempre uma grande disponibilidade de estoque para o cliente; Realizar a troca das [&hellip;]<\/p>\n","protected":false},"author":1,"featured_media":0,"comment_status":"open","ping_status":"open","sticky":false,"template":"","format":"standard","meta":{"footnotes":""},"categories":[21],"tags":[],"class_list":["post-6526","post","type-post","status-publish","format-standard","hentry","category-rio-de-janeiro-rj"],"_links":{"self":[{"href":"https:\/\/vagas.portalemprego.com.br\/index.php?rest_route=\/wp\/v2\/posts\/6526","targetHints":{"allow":["GET"]}}],"collection":[{"href":"https:\/\/vagas.portalemprego.com.br\/index.php?rest_route=\/wp\/v2\/posts"}],"about":[{"href":"https:\/\/vagas.portalemprego.com.br\/index.php?rest_route=\/wp\/v2\/types\/post"}],"author":[{"embeddable":true,"href":"https:\/\/vagas.portalemprego.com.br\/index.php?rest_route=\/wp\/v2\/users\/1"}],"replies":[{"embeddable":true,"href":"https:\/\/vagas.portalemprego.com.br\/index.php?rest_route=%2Fwp%2Fv2%2Fcomments&post=6526"}],"version-history":[{"count":0,"href":"https:\/\/vagas.portalemprego.com.br\/index.php?rest_route=\/wp\/v2\/posts\/6526\/revisions"}],"wp:attachment":[{"href":"https:\/\/vagas.portalemprego.com.br\/index.php?rest_route=%2Fwp%2Fv2%2Fmedia&parent=6526"}],"wp:term":[{"taxonomy":"category","embeddable":true,"href":"https:\/\/vagas.portalemprego.com.br\/index.php?rest_route=%2Fwp%2Fv2%2Fcategories&post=6526"},{"taxonomy":"post_tag","embeddable":true,"href":"https:\/\/vagas.portalemprego.com.br\/index.php?rest_route=%2Fwp%2Fv2%2Ftags&post=6526"}],"curies":[{"name":"wp","href":"https:\/\/api.w.org\/{rel}","templated":true}]}}