{"id":6527,"date":"2026-04-29T06:05:05","date_gmt":"2026-04-29T09:05:05","guid":{"rendered":"https:\/\/vagas.portalemprego.com.br\/?p=6527"},"modified":"2026-04-29T06:05:05","modified_gmt":"2026-04-29T09:05:05","slug":"auxiliar-de-limpeza-servicos-gerais-rio-de-janeiro-20","status":"publish","type":"post","link":"https:\/\/vagas.portalemprego.com.br\/?p=6527","title":{"rendered":"Auxiliar de Limpeza &#8211; Servi\u00e7os Gerais &#8211; Rio de Janeiro"},"content":{"rendered":"<p>VAGA TEMPOR\u00c1RIA \u2013 AGENTE DE ASSEIO E CONSERVA\u00c7\u00c3O<\/p>\n<p>Local atual de trabalho: Rua C\u00e2ndido Ben\u00edcio, 1309 \u2013 Campinho, Rio de Janeiro\/RJ<br \/>\nAten\u00e7\u00e3o: A base ser\u00e1 transferida para S\u00e3o Gon\u00e7alo em at\u00e9 90 dias.<\/p>\n<p>Escala: 5&#215;2<br \/>\nHor\u00e1rio: 08h00 \u00e0s 18h00<\/p>\n<p>Sal\u00e1rio: R$ 1.610,00<br \/>\nBenef\u00edcios:<\/p>\n<p>Vale Refei\u00e7\u00e3o<\/p>\n<p>Vale Transporte<\/p>\n<p>Assist\u00eancia M\u00e9dica<\/p>\n<p>Assist\u00eancia Odontol\u00f3gica<\/p>\n<p>Tipo de vaga: Tempor\u00e1ria<\/p>\n<ul>\n<li>Local de trabalho: Rio de Janeiro, RJ<\/li>\n<li>Regime de contrata\u00e7\u00e3o de tipo: Efetivo \u2013 CLT<\/li>\n<li>Jornada: Per\u00edodo Integral<\/li>\n<li>\u00c1rea e especializa\u00e7\u00e3o profissional: Servi\u00e7os Gerais &#8211; Limpeza<\/li>\n<li>N\u00edvel hier\u00e1rquico: Auxiliar<\/li>\n<\/ul>\n<p>Escolaridade M\u00ednima: Ensino Fundamental (1\u00ba grau)<\/p>\n","protected":false},"excerpt":{"rendered":"<p>VAGA TEMPOR\u00c1RIA \u2013 AGENTE DE ASSEIO E CONSERVA\u00c7\u00c3O Local atual de trabalho: Rua C\u00e2ndido Ben\u00edcio, 1309 \u2013 Campinho, Rio de Janeiro\/RJ Aten\u00e7\u00e3o: A base ser\u00e1 transferida para S\u00e3o Gon\u00e7alo em at\u00e9 90 dias. Escala: 5&#215;2 Hor\u00e1rio: 08h00 \u00e0s 18h00 Sal\u00e1rio: R$ 1.610,00 Benef\u00edcios: Vale Refei\u00e7\u00e3o Vale Transporte Assist\u00eancia M\u00e9dica Assist\u00eancia Odontol\u00f3gica Tipo de vaga: Tempor\u00e1ria [&hellip;]<\/p>\n","protected":false},"author":1,"featured_media":0,"comment_status":"open","ping_status":"open","sticky":false,"template":"","format":"standard","meta":{"footnotes":""},"categories":[21],"tags":[],"class_list":["post-6527","post","type-post","status-publish","format-standard","hentry","category-rio-de-janeiro-rj"],"_links":{"self":[{"href":"https:\/\/vagas.portalemprego.com.br\/index.php?rest_route=\/wp\/v2\/posts\/6527","targetHints":{"allow":["GET"]}}],"collection":[{"href":"https:\/\/vagas.portalemprego.com.br\/index.php?rest_route=\/wp\/v2\/posts"}],"about":[{"href":"https:\/\/vagas.portalemprego.com.br\/index.php?rest_route=\/wp\/v2\/types\/post"}],"author":[{"embeddable":true,"href":"https:\/\/vagas.portalemprego.com.br\/index.php?rest_route=\/wp\/v2\/users\/1"}],"replies":[{"embeddable":true,"href":"https:\/\/vagas.portalemprego.com.br\/index.php?rest_route=%2Fwp%2Fv2%2Fcomments&post=6527"}],"version-history":[{"count":0,"href":"https:\/\/vagas.portalemprego.com.br\/index.php?rest_route=\/wp\/v2\/posts\/6527\/revisions"}],"wp:attachment":[{"href":"https:\/\/vagas.portalemprego.com.br\/index.php?rest_route=%2Fwp%2Fv2%2Fmedia&parent=6527"}],"wp:term":[{"taxonomy":"category","embeddable":true,"href":"https:\/\/vagas.portalemprego.com.br\/index.php?rest_route=%2Fwp%2Fv2%2Fcategories&post=6527"},{"taxonomy":"post_tag","embeddable":true,"href":"https:\/\/vagas.portalemprego.com.br\/index.php?rest_route=%2Fwp%2Fv2%2Ftags&post=6527"}],"curies":[{"name":"wp","href":"https:\/\/api.w.org\/{rel}","templated":true}]}}