{"id":6529,"date":"2026-04-29T06:05:05","date_gmt":"2026-04-29T09:05:05","guid":{"rendered":"https:\/\/vagas.portalemprego.com.br\/?p=6529"},"modified":"2026-04-29T06:05:05","modified_gmt":"2026-04-29T09:05:05","slug":"cozinheiro-alimentacao-gastronomia-rio-de-janeiro-22","status":"publish","type":"post","link":"https:\/\/vagas.portalemprego.com.br\/?p=6529","title":{"rendered":"Cozinheiro &#8211; Alimenta\u00e7\u00e3o \/ Gastronomia &#8211; Rio de Janeiro"},"content":{"rendered":"<p>Restaurante localizado no Jardim Botanico contrata para seu quadro de funcion\u00e1rios:<\/p>\n<p>Cozinheiro<br \/>\nRequisitos:<br \/>\n&#8211; Experi\u00eancia como Cozinheiro(a);<br \/>\n&#8211; Experi\u00eancia em restaurante de\u00a0buffet\u00a0a\u00a0quilo<br \/>\n&#8211; Conhecimento s\u00f3lido em t\u00e9cnicas culin\u00e1rias, ingredientes, equipamentos de cozinha e pr\u00e1ticas de seguran\u00e7a alimentar;<\/p>\n<p>Vaga CLT<br \/>\nEscala 6&#215;1<br \/>\nSal\u00e1rio: R$R$2.000<br \/>\nHor\u00e1rio 8:30 \u00e0s 16:30<br \/>\nAlimenta\u00e7\u00e3o no local<br \/>\nVT<\/p>\n<ul>\n<li>Local de trabalho: Rio de Janeiro, RJ<\/li>\n<li>Regime de contrata\u00e7\u00e3o de tipo: Efetivo \u2013 CLT<\/li>\n<li>Jornada: Per\u00edodo Integral<\/li>\n<li>\u00c1rea e especializa\u00e7\u00e3o profissional: Alimenta\u00e7\u00e3o \/ Gastronomia &#8211; Cozinha<\/li>\n<li>N\u00edvel hier\u00e1rquico: Operacional<\/li>\n<\/ul>\n<p>Escolaridade M\u00ednima: Ensino M\u00e9dio (2\u00ba Grau)<\/p>\n<p>Sal\u00e1rio: 2000,0<\/p>\n","protected":false},"excerpt":{"rendered":"<p>Restaurante localizado no Jardim Botanico contrata para seu quadro de funcion\u00e1rios: Cozinheiro Requisitos: &#8211; Experi\u00eancia como Cozinheiro(a); &#8211; Experi\u00eancia em restaurante de\u00a0buffet\u00a0a\u00a0quilo &#8211; Conhecimento s\u00f3lido em t\u00e9cnicas culin\u00e1rias, ingredientes, equipamentos de cozinha e pr\u00e1ticas de seguran\u00e7a alimentar; Vaga CLT Escala 6&#215;1 Sal\u00e1rio: R$R$2.000 Hor\u00e1rio 8:30 \u00e0s 16:30 Alimenta\u00e7\u00e3o no local VT Local de trabalho: Rio [&hellip;]<\/p>\n","protected":false},"author":1,"featured_media":0,"comment_status":"open","ping_status":"open","sticky":false,"template":"","format":"standard","meta":{"footnotes":""},"categories":[21],"tags":[],"class_list":["post-6529","post","type-post","status-publish","format-standard","hentry","category-rio-de-janeiro-rj"],"_links":{"self":[{"href":"https:\/\/vagas.portalemprego.com.br\/index.php?rest_route=\/wp\/v2\/posts\/6529","targetHints":{"allow":["GET"]}}],"collection":[{"href":"https:\/\/vagas.portalemprego.com.br\/index.php?rest_route=\/wp\/v2\/posts"}],"about":[{"href":"https:\/\/vagas.portalemprego.com.br\/index.php?rest_route=\/wp\/v2\/types\/post"}],"author":[{"embeddable":true,"href":"https:\/\/vagas.portalemprego.com.br\/index.php?rest_route=\/wp\/v2\/users\/1"}],"replies":[{"embeddable":true,"href":"https:\/\/vagas.portalemprego.com.br\/index.php?rest_route=%2Fwp%2Fv2%2Fcomments&post=6529"}],"version-history":[{"count":0,"href":"https:\/\/vagas.portalemprego.com.br\/index.php?rest_route=\/wp\/v2\/posts\/6529\/revisions"}],"wp:attachment":[{"href":"https:\/\/vagas.portalemprego.com.br\/index.php?rest_route=%2Fwp%2Fv2%2Fmedia&parent=6529"}],"wp:term":[{"taxonomy":"category","embeddable":true,"href":"https:\/\/vagas.portalemprego.com.br\/index.php?rest_route=%2Fwp%2Fv2%2Fcategories&post=6529"},{"taxonomy":"post_tag","embeddable":true,"href":"https:\/\/vagas.portalemprego.com.br\/index.php?rest_route=%2Fwp%2Fv2%2Ftags&post=6529"}],"curies":[{"name":"wp","href":"https:\/\/api.w.org\/{rel}","templated":true}]}}