{"id":6530,"date":"2026-04-29T06:05:05","date_gmt":"2026-04-29T09:05:05","guid":{"rendered":"https:\/\/vagas.portalemprego.com.br\/?p=6530"},"modified":"2026-04-29T06:05:05","modified_gmt":"2026-04-29T09:05:05","slug":"camareira-servicos-gerais-rio-de-janeiro","status":"publish","type":"post","link":"https:\/\/vagas.portalemprego.com.br\/?p=6530","title":{"rendered":"CAMAREIRA &#8211; Servi\u00e7os Gerais &#8211; Rio de Janeiro"},"content":{"rendered":"<p>Empresa no segmento da sa\u00fade contrata para atuar em um de seus hospitais na regi\u00e3o do M\u00e9ier. O profissional ir\u00e1 executar atividades na assist\u00eancia de limpeza das alas dos pacientes em atendimento e na estrutura da institui\u00e7\u00e3o contribuindo com o tratamento e recupera\u00e7\u00e3o do paciente.<\/p>\n<p>Ensino M\u00e9dio Completo;<br \/>\nExperi\u00eancia anterior como Camareira na fun\u00e7\u00e3o seja hospitalar ou hotel, acima de 6 meses;<br \/>\nDisponibilidade de hor\u00e1rio.<\/p>\n<p>Tempor\u00e1rio &#8211; 90 dias<br \/>\nLocal: Botafogo, Rio de Janeiro &#8211; RJ<br \/>\nEscala: 12 X 36 &#8211; DAS 07:00 AS 19:00<\/p>\n<ul>\n<li>Local de trabalho: Rio de Janeiro, RJ<\/li>\n<li>Regime de contrata\u00e7\u00e3o de tipo: Tempor\u00e1rio<\/li>\n<li>Jornada: Per\u00edodo Integral<\/li>\n<li>\u00c1rea e especializa\u00e7\u00e3o profissional: Servi\u00e7os Gerais &#8211; Higieniza\u00e7\u00e3o \/ Estereliza\u00e7\u00e3o<\/li>\n<li>N\u00edvel hier\u00e1rquico: Operacional<\/li>\n<\/ul>\n<p>VALORIZADO<\/p>\n<p>Tempo de experi\u00eancia: Entre 1 e 3 anos<\/p>\n<p>Escolaridade M\u00ednima: Ensino M\u00e9dio (2\u00ba Grau)<\/p>\n<ul>\n<li>vale transporte<\/li>\n<li>refeit\u00f3rio no local<\/li>\n<\/ul>\n<p>Sal\u00e1rio: 1602,0<\/p>\n","protected":false},"excerpt":{"rendered":"<p>Empresa no segmento da sa\u00fade contrata para atuar em um de seus hospitais na regi\u00e3o do M\u00e9ier. O profissional ir\u00e1 executar atividades na assist\u00eancia de limpeza das alas dos pacientes em atendimento e na estrutura da institui\u00e7\u00e3o contribuindo com o tratamento e recupera\u00e7\u00e3o do paciente. Ensino M\u00e9dio Completo; Experi\u00eancia anterior como Camareira na fun\u00e7\u00e3o seja [&hellip;]<\/p>\n","protected":false},"author":1,"featured_media":0,"comment_status":"open","ping_status":"open","sticky":false,"template":"","format":"standard","meta":{"footnotes":""},"categories":[21],"tags":[],"class_list":["post-6530","post","type-post","status-publish","format-standard","hentry","category-rio-de-janeiro-rj"],"_links":{"self":[{"href":"https:\/\/vagas.portalemprego.com.br\/index.php?rest_route=\/wp\/v2\/posts\/6530","targetHints":{"allow":["GET"]}}],"collection":[{"href":"https:\/\/vagas.portalemprego.com.br\/index.php?rest_route=\/wp\/v2\/posts"}],"about":[{"href":"https:\/\/vagas.portalemprego.com.br\/index.php?rest_route=\/wp\/v2\/types\/post"}],"author":[{"embeddable":true,"href":"https:\/\/vagas.portalemprego.com.br\/index.php?rest_route=\/wp\/v2\/users\/1"}],"replies":[{"embeddable":true,"href":"https:\/\/vagas.portalemprego.com.br\/index.php?rest_route=%2Fwp%2Fv2%2Fcomments&post=6530"}],"version-history":[{"count":0,"href":"https:\/\/vagas.portalemprego.com.br\/index.php?rest_route=\/wp\/v2\/posts\/6530\/revisions"}],"wp:attachment":[{"href":"https:\/\/vagas.portalemprego.com.br\/index.php?rest_route=%2Fwp%2Fv2%2Fmedia&parent=6530"}],"wp:term":[{"taxonomy":"category","embeddable":true,"href":"https:\/\/vagas.portalemprego.com.br\/index.php?rest_route=%2Fwp%2Fv2%2Fcategories&post=6530"},{"taxonomy":"post_tag","embeddable":true,"href":"https:\/\/vagas.portalemprego.com.br\/index.php?rest_route=%2Fwp%2Fv2%2Ftags&post=6530"}],"curies":[{"name":"wp","href":"https:\/\/api.w.org\/{rel}","templated":true}]}}