{"id":6531,"date":"2026-04-29T06:05:05","date_gmt":"2026-04-29T09:05:05","guid":{"rendered":"https:\/\/vagas.portalemprego.com.br\/?p=6531"},"modified":"2026-04-29T06:05:05","modified_gmt":"2026-04-29T09:05:05","slug":"assistente-de-direitos-autorais-juridica-rio-de-janeiro-2","status":"publish","type":"post","link":"https:\/\/vagas.portalemprego.com.br\/?p=6531","title":{"rendered":"Assistente de Direitos Autorais &#8211; Jur\u00eddica &#8211; Rio de Janeiro"},"content":{"rendered":"<p>\u2022 Organiza\u00e7\u00e3o dos processos contratuais de obras nacionais e estrangeiras, incluindo licenciamento de textos, fotos, ilustra\u00e7\u00f5es e conte\u00fados em diversos formatos (livros f\u00edsicos, e-books, audiobooks e audiovisuais).<br \/>\n\u2022 Controle de contratos com tradutores, ilustradores, fot\u00f3grafos e prestadores de servi\u00e7os editoriais.<br \/>\n\u2022 Elabora\u00e7\u00e3o e atualiza\u00e7\u00e3o de relat\u00f3rios de direitos autorais.<br \/>\n\u2022 Controle de pagamentos e envio de cotas contratuais.<br \/>\n\u2022 Envio e acompanhamento do Dep\u00f3sito Legal junto \u00e0 Biblioteca Nacional.<br \/>\n\u2022 Apoio na integra\u00e7\u00e3o com os departamentos de Produ\u00e7\u00e3o Gr\u00e1fica, Marketing e Comercial.<br \/>\n\u2022 Atendimento a d\u00favidas de leitores por e-mail e telefone.<br \/>\n\u2022 Envio de cotas de livros a colaboradores e autores.<br \/>\n\u2022 Apoio em rotinas administrativas da editora.<br \/>\nOutros requisitos:<br \/>\n\u2022 Ensino superior completo em Letras, Administra\u00e7\u00e3o ou Direito.<br \/>\n\u2022 Ingl\u00eas avan\u00e7ado (leitura, escrita e conversa\u00e7\u00e3o).<br \/>\n\u2022 Dom\u00ednio do pacote Office e Adobe Acrobat.<br \/>\n\u2022 Experi\u00eancia m\u00ednima de 2 anos em rotinas editoriais ou administrativas.<br \/>\n\u2022 Familiaridade com conte\u00fados crist\u00e3os ser\u00e1 um diferencial.<\/p>\n<ul>\n<li>Local de trabalho: Rio de Janeiro, RJ<\/li>\n<li>Regime de contrata\u00e7\u00e3o de tipo: Efetivo \u2013 CLT<\/li>\n<li>Jornada: Per\u00edodo Integral<\/li>\n<li>\u00c1rea e especializa\u00e7\u00e3o profissional: Jur\u00eddica &#8211; Direitos Autorais<\/li>\n<li>N\u00edvel hier\u00e1rquico: Assistente<\/li>\n<\/ul>\n<p>VALORIZADO<\/p>\n<p>Tempo de experi\u00eancia: Entre 3 e 5 anos<\/p>\n<p>Escolaridade M\u00ednima: Ensino Superior<\/p>\n<p>Idiomas:<\/p>\n<ul>\n<li>Ingl\u00eas (Avan\u00e7ado)<\/li>\n<\/ul>\n<p>Sal\u00e1rio: 4000,0<\/p>\n","protected":false},"excerpt":{"rendered":"<p>\u2022 Organiza\u00e7\u00e3o dos processos contratuais de obras nacionais e estrangeiras, incluindo licenciamento de textos, fotos, ilustra\u00e7\u00f5es e conte\u00fados em diversos formatos (livros f\u00edsicos, e-books, audiobooks e audiovisuais). \u2022 Controle de contratos com tradutores, ilustradores, fot\u00f3grafos e prestadores de servi\u00e7os editoriais. \u2022 Elabora\u00e7\u00e3o e atualiza\u00e7\u00e3o de relat\u00f3rios de direitos autorais. \u2022 Controle de pagamentos e envio [&hellip;]<\/p>\n","protected":false},"author":1,"featured_media":0,"comment_status":"open","ping_status":"open","sticky":false,"template":"","format":"standard","meta":{"footnotes":""},"categories":[21],"tags":[],"class_list":["post-6531","post","type-post","status-publish","format-standard","hentry","category-rio-de-janeiro-rj"],"_links":{"self":[{"href":"https:\/\/vagas.portalemprego.com.br\/index.php?rest_route=\/wp\/v2\/posts\/6531","targetHints":{"allow":["GET"]}}],"collection":[{"href":"https:\/\/vagas.portalemprego.com.br\/index.php?rest_route=\/wp\/v2\/posts"}],"about":[{"href":"https:\/\/vagas.portalemprego.com.br\/index.php?rest_route=\/wp\/v2\/types\/post"}],"author":[{"embeddable":true,"href":"https:\/\/vagas.portalemprego.com.br\/index.php?rest_route=\/wp\/v2\/users\/1"}],"replies":[{"embeddable":true,"href":"https:\/\/vagas.portalemprego.com.br\/index.php?rest_route=%2Fwp%2Fv2%2Fcomments&post=6531"}],"version-history":[{"count":0,"href":"https:\/\/vagas.portalemprego.com.br\/index.php?rest_route=\/wp\/v2\/posts\/6531\/revisions"}],"wp:attachment":[{"href":"https:\/\/vagas.portalemprego.com.br\/index.php?rest_route=%2Fwp%2Fv2%2Fmedia&parent=6531"}],"wp:term":[{"taxonomy":"category","embeddable":true,"href":"https:\/\/vagas.portalemprego.com.br\/index.php?rest_route=%2Fwp%2Fv2%2Fcategories&post=6531"},{"taxonomy":"post_tag","embeddable":true,"href":"https:\/\/vagas.portalemprego.com.br\/index.php?rest_route=%2Fwp%2Fv2%2Ftags&post=6531"}],"curies":[{"name":"wp","href":"https:\/\/api.w.org\/{rel}","templated":true}]}}