{"id":6538,"date":"2026-04-29T06:05:05","date_gmt":"2026-04-29T09:05:05","guid":{"rendered":"https:\/\/vagas.portalemprego.com.br\/?p=6538"},"modified":"2026-04-29T06:05:05","modified_gmt":"2026-04-29T09:05:05","slug":"planner-comercial-e-marketing-marketing-rio-de-janeiro","status":"publish","type":"post","link":"https:\/\/vagas.portalemprego.com.br\/?p=6538","title":{"rendered":"Planner Comercial e Marketing &#8211; Marketing &#8211; Rio de Janeiro"},"content":{"rendered":"<p>Luandre em parceria com a Orla Rio est\u00e1 com vagas abertas para Planner Comercial<\/p>\n<p>Responsabilidades:<br \/>\nPlanejamento Estrat\u00e9gico: Apoiar o desenvolvimento de estrat\u00e9gias e planos de a\u00e7\u00e3o para a \u00e1rea comercial, contribuindo com insights e an\u00e1lises de mercado que direcionam a capta\u00e7\u00e3o de clientes e novas oportunidades de neg\u00f3cios.<br \/>\nPesquisa e An\u00e1lise de Mercado: Realizar pesquisas qualitativas e quantitativas sobre mercado, concorrentes, tend\u00eancias e comportamentos de consumo para embasar estrat\u00e9gias comerciais e campanhas de marketing.<br \/>\nDesenvolvimento de Propostas e Projetos Especiais: Criar e desenvolver propostas comerciais estrat\u00e9gicas e projetos especiais personalizados para clientes, assegurando alinhamento com os objetivos da empresa e as necessidades espec\u00edficas dos clientes.<br \/>\nApresenta\u00e7\u00f5es Estrat\u00e9gico-Criativas: Elaborar e montar apresenta\u00e7\u00f5es visualmente impactantes e estrategicamente criativas que comuniquem claramente conceitos, estrat\u00e9gias e ideias inovadoras.<br \/>\nMonitoramento de Indicadores: Acompanhar e analisar indicadores comerciais e de marketing, fornecendo relat\u00f3rios peri\u00f3dicos e recomenda\u00e7\u00f5es que auxiliem na tomada de decis\u00e3o e otimiza\u00e7\u00e3o de resultados.<br \/>\nBriefings e Conte\u00fado: Elaborar e organizar briefings detalhados para campanhas e a\u00e7\u00f5es de marketing, garantindo clareza e efici\u00eancia na execu\u00e7\u00e3o das atividades.<br \/>\nInterface com Equipes: Manter comunica\u00e7\u00e3o ativa e cont\u00ednua com as equipes de marketing e comercial, garantindo sinergia entre as a\u00e7\u00f5es planejadas e executadas, al\u00e9m de facilitar o fluxo de informa\u00e7\u00f5es entre as \u00e1reas.<br \/>\nGerenciamento de Informa\u00e7\u00f5es: Alimentar constantemente as \u00e1reas de marketing e comercial com insights e informa\u00e7\u00f5es estrat\u00e9gicas relevantes para o desenvolvimento de conte\u00fados, campanhas e abordagens comerciais eficazes.<br \/>\nAtualiza\u00e7\u00e3o Constante: Monitorar e reportar tend\u00eancias e inova\u00e7\u00f5es em marketing e neg\u00f3cios, propondo solu\u00e7\u00f5es criativas e pr\u00e1ticas alinhadas \u00e0s estrat\u00e9gias da empresa.<\/p>\n<p>Requisitos:<br \/>\nForma\u00e7\u00e3o superior completa em Administra\u00e7\u00e3o, Marketing, Publicidade, Comunica\u00e7\u00e3o Social ou \u00e1reas relacionadas.<br \/>\nExperi\u00eancia anterior em planejamento comercial, marketing estrat\u00e9gico ou \u00e1reas correlatas.<br \/>\nConhecimento em an\u00e1lise e interpreta\u00e7\u00e3o de dados, pesquisas de mercado e tend\u00eancias.<br \/>\nHabilidade na elabora\u00e7\u00e3o e apresenta\u00e7\u00e3o de propostas comerciais estrat\u00e9gicas e projetos especiais.<br \/>\nDom\u00ednio em ferramentas de an\u00e1lise de mercado e gest\u00e3o (Excel, Power BI, CRM, RD Station).<br \/>\nExperi\u00eancia comprovada em cria\u00e7\u00e3o e apresenta\u00e7\u00e3o de materiais estrat\u00e9gicos e criativos.<\/p>\n<p>Perfil<br \/>\nPensamento estrat\u00e9gico e anal\u00edtico<br \/>\nExcelente capacidade de comunica\u00e7\u00e3o e colabora\u00e7\u00e3o intersetorial<br \/>\nOrganiza\u00e7\u00e3o e aten\u00e7\u00e3o aos detalhes<br \/>\nProatividade e capacidade de trabalhar com autonomia<br \/>\nCuriosidade intelectual e constante busca por atualiza\u00e7\u00e3o e aprendizado<br \/>\nCriatividade para solucionar problemas e propor abordagens inovadoras<\/p>\n<p>Remunera\u00e7\u00e3o:<br \/>\nPretens\u00e3o salarial &#8211; a combinar.<\/p>\n<p>Hor\u00e1rio e Local de Trabalho:<br \/>\nSegunda \u00e0 sexta-feira: 8h \u00e0s 17:48 ou 9h \u00e0s 18:48.<br \/>\nJo\u00e1, Barra da Tijuca.<\/p>\n<ul>\n<li>Local de trabalho: Rio de Janeiro, RJ<\/li>\n<li>Regime de contrata\u00e7\u00e3o de tipo: Prestador de Servi\u00e7os (PJ)<\/li>\n<li>Jornada: Per\u00edodo Integral<\/li>\n<li>\u00c1rea e especializa\u00e7\u00e3o profissional: Marketing &#8211; Intelig\u00eancia de Mercado \/ Estrat\u00e9gia<\/li>\n<li>N\u00edvel hier\u00e1rquico: Consultor<\/li>\n<\/ul>\n<p>VALORIZADO<\/p>\n<p>Tempo de experi\u00eancia: Entre 1 e 3 anos<\/p>\n<p>Escolaridade M\u00ednima: Ensino Superior<\/p>\n","protected":false},"excerpt":{"rendered":"<p>Luandre em parceria com a Orla Rio est\u00e1 com vagas abertas para Planner Comercial Responsabilidades: Planejamento Estrat\u00e9gico: Apoiar o desenvolvimento de estrat\u00e9gias e planos de a\u00e7\u00e3o para a \u00e1rea comercial, contribuindo com insights e an\u00e1lises de mercado que direcionam a capta\u00e7\u00e3o de clientes e novas oportunidades de neg\u00f3cios. Pesquisa e An\u00e1lise de Mercado: Realizar pesquisas [&hellip;]<\/p>\n","protected":false},"author":1,"featured_media":0,"comment_status":"open","ping_status":"open","sticky":false,"template":"","format":"standard","meta":{"footnotes":""},"categories":[21],"tags":[],"class_list":["post-6538","post","type-post","status-publish","format-standard","hentry","category-rio-de-janeiro-rj"],"_links":{"self":[{"href":"https:\/\/vagas.portalemprego.com.br\/index.php?rest_route=\/wp\/v2\/posts\/6538","targetHints":{"allow":["GET"]}}],"collection":[{"href":"https:\/\/vagas.portalemprego.com.br\/index.php?rest_route=\/wp\/v2\/posts"}],"about":[{"href":"https:\/\/vagas.portalemprego.com.br\/index.php?rest_route=\/wp\/v2\/types\/post"}],"author":[{"embeddable":true,"href":"https:\/\/vagas.portalemprego.com.br\/index.php?rest_route=\/wp\/v2\/users\/1"}],"replies":[{"embeddable":true,"href":"https:\/\/vagas.portalemprego.com.br\/index.php?rest_route=%2Fwp%2Fv2%2Fcomments&post=6538"}],"version-history":[{"count":0,"href":"https:\/\/vagas.portalemprego.com.br\/index.php?rest_route=\/wp\/v2\/posts\/6538\/revisions"}],"wp:attachment":[{"href":"https:\/\/vagas.portalemprego.com.br\/index.php?rest_route=%2Fwp%2Fv2%2Fmedia&parent=6538"}],"wp:term":[{"taxonomy":"category","embeddable":true,"href":"https:\/\/vagas.portalemprego.com.br\/index.php?rest_route=%2Fwp%2Fv2%2Fcategories&post=6538"},{"taxonomy":"post_tag","embeddable":true,"href":"https:\/\/vagas.portalemprego.com.br\/index.php?rest_route=%2Fwp%2Fv2%2Ftags&post=6538"}],"curies":[{"name":"wp","href":"https:\/\/api.w.org\/{rel}","templated":true}]}}