{"id":6539,"date":"2026-04-29T06:05:05","date_gmt":"2026-04-29T09:05:05","guid":{"rendered":"https:\/\/vagas.portalemprego.com.br\/?p=6539"},"modified":"2026-04-29T06:05:05","modified_gmt":"2026-04-29T09:05:05","slug":"porteiro-seguranca-resende","status":"publish","type":"post","link":"https:\/\/vagas.portalemprego.com.br\/?p=6539","title":{"rendered":"Porteiro &#8211; Seguran\u00e7a &#8211; Resende"},"content":{"rendered":"<p>Cargo: Porteiro Reserva T\u00e9cnica<br \/>\nLocal: Avenida Marcilio Dias, 1188 &#8211; Liberdade CEP: 27510-175 &#8211; Resende\/RJ<br \/>\nEscala e hor\u00e1rio: 12X36 07h00 \u00e0s 19h00<br \/>\nSal\u00e1rio: 1.783,92<br \/>\nBenef\u00edcios: Assist\u00eancia M\u00e9dica; Assist\u00eancia Odontol\u00f3gica; Seguro de Vida; Vale refei\u00e7\u00e3o, Vale transporte.<\/p>\n<ul>\n<li>Local de trabalho: Resende, RJ<\/li>\n<li>Regime de contrata\u00e7\u00e3o de tipo: Efetivo \u2013 CLT<\/li>\n<li>Jornada: Per\u00edodo Integral<\/li>\n<li>\u00c1rea e especializa\u00e7\u00e3o profissional: Seguran\u00e7a &#8211; Portaria Industrial, Comercial, Resid\u00eancial<\/li>\n<li>N\u00edvel hier\u00e1rquico: Operacional<\/li>\n<\/ul>\n<p>Escolaridade M\u00ednima: Ensino M\u00e9dio (2\u00ba Grau)<\/p>\n","protected":false},"excerpt":{"rendered":"<p>Cargo: Porteiro Reserva T\u00e9cnica Local: Avenida Marcilio Dias, 1188 &#8211; Liberdade CEP: 27510-175 &#8211; Resende\/RJ Escala e hor\u00e1rio: 12X36 07h00 \u00e0s 19h00 Sal\u00e1rio: 1.783,92 Benef\u00edcios: Assist\u00eancia M\u00e9dica; Assist\u00eancia Odontol\u00f3gica; Seguro de Vida; Vale refei\u00e7\u00e3o, Vale transporte. Local de trabalho: Resende, RJ Regime de contrata\u00e7\u00e3o de tipo: Efetivo \u2013 CLT Jornada: Per\u00edodo Integral \u00c1rea e especializa\u00e7\u00e3o [&hellip;]<\/p>\n","protected":false},"author":1,"featured_media":0,"comment_status":"open","ping_status":"open","sticky":false,"template":"","format":"standard","meta":{"footnotes":""},"categories":[21],"tags":[],"class_list":["post-6539","post","type-post","status-publish","format-standard","hentry","category-rio-de-janeiro-rj"],"_links":{"self":[{"href":"https:\/\/vagas.portalemprego.com.br\/index.php?rest_route=\/wp\/v2\/posts\/6539","targetHints":{"allow":["GET"]}}],"collection":[{"href":"https:\/\/vagas.portalemprego.com.br\/index.php?rest_route=\/wp\/v2\/posts"}],"about":[{"href":"https:\/\/vagas.portalemprego.com.br\/index.php?rest_route=\/wp\/v2\/types\/post"}],"author":[{"embeddable":true,"href":"https:\/\/vagas.portalemprego.com.br\/index.php?rest_route=\/wp\/v2\/users\/1"}],"replies":[{"embeddable":true,"href":"https:\/\/vagas.portalemprego.com.br\/index.php?rest_route=%2Fwp%2Fv2%2Fcomments&post=6539"}],"version-history":[{"count":0,"href":"https:\/\/vagas.portalemprego.com.br\/index.php?rest_route=\/wp\/v2\/posts\/6539\/revisions"}],"wp:attachment":[{"href":"https:\/\/vagas.portalemprego.com.br\/index.php?rest_route=%2Fwp%2Fv2%2Fmedia&parent=6539"}],"wp:term":[{"taxonomy":"category","embeddable":true,"href":"https:\/\/vagas.portalemprego.com.br\/index.php?rest_route=%2Fwp%2Fv2%2Fcategories&post=6539"},{"taxonomy":"post_tag","embeddable":true,"href":"https:\/\/vagas.portalemprego.com.br\/index.php?rest_route=%2Fwp%2Fv2%2Ftags&post=6539"}],"curies":[{"name":"wp","href":"https:\/\/api.w.org\/{rel}","templated":true}]}}