{"id":6540,"date":"2026-04-29T06:06:06","date_gmt":"2026-04-29T09:06:06","guid":{"rendered":"https:\/\/vagas.portalemprego.com.br\/?p=6540"},"modified":"2026-04-29T06:06:06","modified_gmt":"2026-04-29T09:06:06","slug":"motion-designer-comunicacao-tv-cinema-rio-de-janeiro","status":"publish","type":"post","link":"https:\/\/vagas.portalemprego.com.br\/?p=6540","title":{"rendered":"Motion Designer &#8211; Comunica\u00e7\u00e3o, TV, Cinema &#8211; Rio de Janeiro"},"content":{"rendered":"<p>Luandre em parceria com grande empresa do ramo imobili\u00e1rio est\u00e1 com vagas abertas para Motion Design<\/p>\n<p>Responsabilidades:<br \/>\nProdu\u00e7\u00e3o Audiovisual: Criar, editar e finalizar v\u00eddeos din\u00e2micos para redes sociais, campanhas digitais e comunica\u00e7\u00e3o interna, alinhados \u00e0 identidade visual da marca.<br \/>\nAnima\u00e7\u00f5es e V\u00eddeos Interativos: Desenvolver anima\u00e7\u00f5es criativas para v\u00eddeos explicativos, interativos e institucionais, garantindo clareza na comunica\u00e7\u00e3o e engajamento do p\u00fablico-alvo.<br \/>\nVinhetas e Efeitos Especiais: Produzir vinhetas, legendas animadas, transi\u00e7\u00f5es e efeitos visuais inovadores que agreguem valor est\u00e9tico e facilitem a reten\u00e7\u00e3o da mensagem.<br \/>\nAdapta\u00e7\u00e3o para Multiplataformas: Otimizar v\u00eddeos e anima\u00e7\u00f5es para diversos formatos e plataformas digitais como Instagram, TikTok, YouTube, LinkedIn, garantindo qualidade visual e melhor performance.<br \/>\nEdi\u00e7\u00e3o de \u00c1udio: Selecionar e tratar trilhas sonoras, efeitos de \u00e1udio e vozes, promovendo uma experi\u00eancia audiovisual completa e imersiva.<br \/>\nDesign Gr\u00e1fico: Criar layouts e materiais gr\u00e1ficos institucionais impressos e digitais, como apresenta\u00e7\u00f5es, banners, posts, e outros formatos necess\u00e1rios.<br \/>\nNewsletter: Elaborar layouts visualmente atrativos e funcionais para newsletters institucionais, considerando a melhor experi\u00eancia de leitura e intera\u00e7\u00e3o.<br \/>\nPesquisa e Refer\u00eancias Criativas: Acompanhar tend\u00eancias de motion design, audiovisual, storytelling e design gr\u00e1fico para propor abordagens criativas e inovadoras.<\/p>\n<p>Requisitos:<br \/>\nEnsino superior completo em Publicidade e Propaganda, Design Gr\u00e1fico, Comunica\u00e7\u00e3o Social, M\u00eddias Digitais ou \u00e1reas relacionadas.<br \/>\nExperi\u00eancia comprovada com Motion Graphics e edi\u00e7\u00e3o de v\u00eddeo.<br \/>\nDom\u00ednio das ferramentas Adobe (After Effects, Premiere Pro, Photoshop, Illustrator).<br \/>\nConhecimento s\u00f3lido em storytelling visual e ritmo audiovisual.<br \/>\nCapacidade de edi\u00e7\u00e3o e tratamento de \u00e1udio com qualidade profissional.<br \/>\nFamiliaridade com formatos e requisitos t\u00e9cnicos das principais plataformas digitais.<\/p>\n<p>Perfil Comportamental:<br \/>\nCriatividade e inova\u00e7\u00e3o<br \/>\nFlexibilidade e capacidade de adapta\u00e7\u00e3o<br \/>\nCoopera\u00e7\u00e3o e trabalho em equipe<br \/>\nOrganiza\u00e7\u00e3o e gest\u00e3o eficiente do tempo<br \/>\nAten\u00e7\u00e3o aos detalhes e qualidade nas entregas<\/p>\n<p>Diferenciais:<br \/>\nPortf\u00f3lio com exemplos de projetos em motion design e edi\u00e7\u00e3o audiovisual.<br \/>\nExperi\u00eancia pr\u00e9via em ag\u00eancias ou produtoras digitais.<\/p>\n<p>Hor\u00e1rio e Local de Trabalho:<br \/>\nHor\u00e1rio de trabalho: 2\u00aa a 6\u00aa: 08h &#8211; 17:48 &#8211; Barra da Tijuca.<br \/>\nCaso a contrata\u00e7\u00e3o seja PJ, o candidato precisa ter empresa aberta com o CNAE correspondente aos servi\u00e7os que ir\u00e1 prestar. A empresa precisa estar em seu nome e a conta banc\u00e1ria em nome da empresa.  <\/p>\n<p>Remunera\u00e7\u00e3o: Pretens\u00e3o Salarial<\/p>\n<ul>\n<li>Local de trabalho: Rio de Janeiro, RJ<\/li>\n<li>Regime de contrata\u00e7\u00e3o de tipo: Prestador de Servi\u00e7os (PJ)<\/li>\n<li>Jornada: Per\u00edodo Integral<\/li>\n<li>\u00c1rea e especializa\u00e7\u00e3o profissional: Comunica\u00e7\u00e3o, TV, Cinema &#8211; Audiovisual<\/li>\n<li>N\u00edvel hier\u00e1rquico: Especialista<\/li>\n<\/ul>\n<p>VALORIZADO<\/p>\n<p>Tempo de experi\u00eancia: Entre 1 e 3 anos<\/p>\n<p>Escolaridade M\u00ednima: Ensino Superior<\/p>\n","protected":false},"excerpt":{"rendered":"<p>Luandre em parceria com grande empresa do ramo imobili\u00e1rio est\u00e1 com vagas abertas para Motion Design Responsabilidades: Produ\u00e7\u00e3o Audiovisual: Criar, editar e finalizar v\u00eddeos din\u00e2micos para redes sociais, campanhas digitais e comunica\u00e7\u00e3o interna, alinhados \u00e0 identidade visual da marca. Anima\u00e7\u00f5es e V\u00eddeos Interativos: Desenvolver anima\u00e7\u00f5es criativas para v\u00eddeos explicativos, interativos e institucionais, garantindo clareza na [&hellip;]<\/p>\n","protected":false},"author":1,"featured_media":0,"comment_status":"open","ping_status":"open","sticky":false,"template":"","format":"standard","meta":{"footnotes":""},"categories":[21],"tags":[],"class_list":["post-6540","post","type-post","status-publish","format-standard","hentry","category-rio-de-janeiro-rj"],"_links":{"self":[{"href":"https:\/\/vagas.portalemprego.com.br\/index.php?rest_route=\/wp\/v2\/posts\/6540","targetHints":{"allow":["GET"]}}],"collection":[{"href":"https:\/\/vagas.portalemprego.com.br\/index.php?rest_route=\/wp\/v2\/posts"}],"about":[{"href":"https:\/\/vagas.portalemprego.com.br\/index.php?rest_route=\/wp\/v2\/types\/post"}],"author":[{"embeddable":true,"href":"https:\/\/vagas.portalemprego.com.br\/index.php?rest_route=\/wp\/v2\/users\/1"}],"replies":[{"embeddable":true,"href":"https:\/\/vagas.portalemprego.com.br\/index.php?rest_route=%2Fwp%2Fv2%2Fcomments&post=6540"}],"version-history":[{"count":0,"href":"https:\/\/vagas.portalemprego.com.br\/index.php?rest_route=\/wp\/v2\/posts\/6540\/revisions"}],"wp:attachment":[{"href":"https:\/\/vagas.portalemprego.com.br\/index.php?rest_route=%2Fwp%2Fv2%2Fmedia&parent=6540"}],"wp:term":[{"taxonomy":"category","embeddable":true,"href":"https:\/\/vagas.portalemprego.com.br\/index.php?rest_route=%2Fwp%2Fv2%2Fcategories&post=6540"},{"taxonomy":"post_tag","embeddable":true,"href":"https:\/\/vagas.portalemprego.com.br\/index.php?rest_route=%2Fwp%2Fv2%2Ftags&post=6540"}],"curies":[{"name":"wp","href":"https:\/\/api.w.org\/{rel}","templated":true}]}}