{"id":6541,"date":"2026-04-29T06:06:06","date_gmt":"2026-04-29T09:06:06","guid":{"rendered":"https:\/\/vagas.portalemprego.com.br\/?p=6541"},"modified":"2026-04-29T06:06:06","modified_gmt":"2026-04-29T09:06:06","slug":"oficial-de-manutencao-construcao-manutencao-rio-de-janeiro-16","status":"publish","type":"post","link":"https:\/\/vagas.portalemprego.com.br\/?p=6541","title":{"rendered":"Oficial de Manuten\u00e7\u00e3o &#8211; Constru\u00e7\u00e3o, Manuten\u00e7\u00e3o &#8211; Rio de Janeiro"},"content":{"rendered":"<p>Luandre em parceria com a Orla Rio est\u00e1 com vagas abertas para Oficial de Manuten\u00e7\u00e3o<\/p>\n<p>Atribui\u00e7\u00f5es:<br \/>\nIdentificar e solucionar problemas em equipamentos, desmontar, recuperar e substituir componentes.<br \/>\nProvidenciar novas instala\u00e7\u00f5es el\u00e9tricas, seguindo planejamento e garantindo qualidade e seguran\u00e7a.<br \/>\nEfetuar reformas em quiosques, postos e bases, assegurando o perfeito funcionamento e seguran\u00e7a das instala\u00e7\u00f5es.<br \/>\nZelar pela seguran\u00e7a na realiza\u00e7\u00e3o das atividades, utilizando maquin\u00e1rios e ferramentas apropriadas.<br \/>\nManter organiza\u00e7\u00e3o e conserva\u00e7\u00e3o do local de trabalho, seguindo as regras de 5s.<\/p>\n<p>Requisitos:<br \/>\nExperi\u00eancia comprovada em Hidr\u00e1ulica, El\u00e9trica, Alvenaria e Marcenaria.<br \/>\nHabilidade com montagem.<br \/>\nHabilidade para trabalhar de forma independente e colaborativa.<\/p>\n<p>Benef\u00edcios:<br \/>\nTicket Refei\u00e7\u00e3o: R$ 29,00 por dia \u00fatil trabalhado;<br \/>\nPlano de Sa\u00fade e Odontol\u00f3gico<br \/>\nVale Transporte<br \/>\nTransporte de Van fretada: disponibilizamos uma van da Orla Rio para buscar os funcion\u00e1rios na esta\u00e7\u00e3o do Jardim Oce\u00e2nico at\u00e9 a sede no Jo\u00e1 e da sede para a esta\u00e7\u00e3o (gratuitamente);<br \/>\nCart\u00e3o Farm\u00e1cia;<br \/>\nGympass;<br \/>\nDay-off no dia do seu anivers\u00e1rio;<br \/>\n14\u00b0 sal\u00e1rio.<\/p>\n<p>Escala e Local de Trabalho:<br \/>\nSegunda \u00e0 sexta-feira &#8211; 8h \u00e0s 17:48h | Zona Oeste e Zona Sul &#8211; Trabalho externo compreendendo toda extens\u00e3o da Orla do Rio (com cronograma coerente para visita).<\/p>\n<p>Remunera\u00e7\u00e3o:<br \/>\nSal\u00e1rio Mensal: R$ 2.661,79<br \/>\nHora extra.<\/p>\n<ul>\n<li>Local de trabalho: Rio de Janeiro, RJ<\/li>\n<li>Regime de contrata\u00e7\u00e3o de tipo: Efetivo \u2013 CLT<\/li>\n<li>Jornada: Per\u00edodo Integral<\/li>\n<li>\u00c1rea e especializa\u00e7\u00e3o profissional: Constru\u00e7\u00e3o, Manuten\u00e7\u00e3o &#8211; Manuten\u00e7\u00e3o em Geral<\/li>\n<li>N\u00edvel hier\u00e1rquico: Assistente<\/li>\n<\/ul>\n<p>VALORIZADO<\/p>\n<p>Tempo de experi\u00eancia: Entre 1 e 3 anos<\/p>\n<p>Escolaridade M\u00ednima: Ensino M\u00e9dio (2\u00ba Grau)<\/p>\n<p>Sal\u00e1rio: 2661,79<\/p>\n","protected":false},"excerpt":{"rendered":"<p>Luandre em parceria com a Orla Rio est\u00e1 com vagas abertas para Oficial de Manuten\u00e7\u00e3o Atribui\u00e7\u00f5es: Identificar e solucionar problemas em equipamentos, desmontar, recuperar e substituir componentes. Providenciar novas instala\u00e7\u00f5es el\u00e9tricas, seguindo planejamento e garantindo qualidade e seguran\u00e7a. Efetuar reformas em quiosques, postos e bases, assegurando o perfeito funcionamento e seguran\u00e7a das instala\u00e7\u00f5es. Zelar pela [&hellip;]<\/p>\n","protected":false},"author":1,"featured_media":0,"comment_status":"open","ping_status":"open","sticky":false,"template":"","format":"standard","meta":{"footnotes":""},"categories":[21],"tags":[],"class_list":["post-6541","post","type-post","status-publish","format-standard","hentry","category-rio-de-janeiro-rj"],"_links":{"self":[{"href":"https:\/\/vagas.portalemprego.com.br\/index.php?rest_route=\/wp\/v2\/posts\/6541","targetHints":{"allow":["GET"]}}],"collection":[{"href":"https:\/\/vagas.portalemprego.com.br\/index.php?rest_route=\/wp\/v2\/posts"}],"about":[{"href":"https:\/\/vagas.portalemprego.com.br\/index.php?rest_route=\/wp\/v2\/types\/post"}],"author":[{"embeddable":true,"href":"https:\/\/vagas.portalemprego.com.br\/index.php?rest_route=\/wp\/v2\/users\/1"}],"replies":[{"embeddable":true,"href":"https:\/\/vagas.portalemprego.com.br\/index.php?rest_route=%2Fwp%2Fv2%2Fcomments&post=6541"}],"version-history":[{"count":0,"href":"https:\/\/vagas.portalemprego.com.br\/index.php?rest_route=\/wp\/v2\/posts\/6541\/revisions"}],"wp:attachment":[{"href":"https:\/\/vagas.portalemprego.com.br\/index.php?rest_route=%2Fwp%2Fv2%2Fmedia&parent=6541"}],"wp:term":[{"taxonomy":"category","embeddable":true,"href":"https:\/\/vagas.portalemprego.com.br\/index.php?rest_route=%2Fwp%2Fv2%2Fcategories&post=6541"},{"taxonomy":"post_tag","embeddable":true,"href":"https:\/\/vagas.portalemprego.com.br\/index.php?rest_route=%2Fwp%2Fv2%2Ftags&post=6541"}],"curies":[{"name":"wp","href":"https:\/\/api.w.org\/{rel}","templated":true}]}}