{"id":6542,"date":"2026-04-29T06:06:06","date_gmt":"2026-04-29T09:06:06","guid":{"rendered":"https:\/\/vagas.portalemprego.com.br\/?p=6542"},"modified":"2026-04-29T06:06:06","modified_gmt":"2026-04-29T09:06:06","slug":"sanitarista-saude-rio-de-janeiro","status":"publish","type":"post","link":"https:\/\/vagas.portalemprego.com.br\/?p=6542","title":{"rendered":"Sanitarista &#8211; Sa\u00fade &#8211; Rio de Janeiro"},"content":{"rendered":"<p>Luandre em parceria com a Orla Rio est\u00e1 com vagas abertas para Carpinteiro<\/p>\n<p>Atribui\u00e7\u00f5es:<br \/>\nRespons\u00e1vel por realizar inspe\u00e7\u00f5es e vistorias sanit\u00e1rias nos quiosques, pontuando e orientando sobre as corre\u00e7\u00f5es necess\u00e1rias, garantindo o cumprimento das normas das legisla\u00e7\u00f5es vigentes.<br \/>\nRealizar visitas t\u00e9cnicas de prote\u00e7\u00e3o de seguran\u00e7a de alimentos nos quiosques.<br \/>\nCuidar da conserva\u00e7\u00e3o da estrutura e limpeza dos ambientes.<br \/>\nRenovar Licenciamento Sanit\u00e1rio anualmente.<br \/>\nAcompanhar as inspe\u00e7\u00f5es da Vigil\u00e2ncia Sanit\u00e1ria e do Procon.<br \/>\nRealizar treinamentos e a\u00e7\u00f5es orientativas para os respons\u00e1veis pela manipula\u00e7\u00e3o de alimentos.<br \/>\nAcompanhar a dedetiza\u00e7\u00e3o e limpeza dos reservat\u00f3rios de \u00e1gua.<\/p>\n<p>Requisitos:<br \/>\nEnsino Superior completo em Nutri\u00e7\u00e3o (Obrigat\u00f3rio).<br \/>\nExperi\u00eancia em inspe\u00e7\u00f5es sanit\u00e1rias ou \u00e1reas correlatas \u00e9 um diferencial.<br \/>\nConhecimento das normas sanit\u00e1rias e legisla\u00e7\u00f5es pertinentes.<br \/>\nBoa capacidade de comunica\u00e7\u00e3o e habilidades para orienta\u00e7\u00e3o t\u00e9cnica.<\/p>\n<p>Benef\u00edcios:<br \/>\nTicket Refei\u00e7\u00e3o: R$ 29,00 por dia \u00fatil trabalhado;<br \/>\nPlano de Sa\u00fade e Odontol\u00f3gico<br \/>\nVale Transporte<br \/>\nTransporte de Van fretada: disponibilizamos uma van da Orla Rio para buscar os funcion\u00e1rios na esta\u00e7\u00e3o do Jardim Oce\u00e2nico at\u00e9 a sede no Jo\u00e1 e da sede para a esta\u00e7\u00e3o (gratuitamente);<br \/>\nCart\u00e3o Farm\u00e1cia;<br \/>\nGympass;<br \/>\nDay-off no dia do seu anivers\u00e1rio;<br \/>\n14\u00b0 sal\u00e1rio.<\/p>\n<p>Escala e Local de Trabalho:<br \/>\nSegunda \u00e0 sexta-feira &#8211; 8:00h \u00e0s 17:48 | Zona Oeste.<br \/>\nRemunera\u00e7\u00e3o:<br \/>\nCLT &#8211; Sal\u00e1rio Mensal: R$ 3.443,49.<\/p>\n<ul>\n<li>N\u00famero de vagas: 2<\/li>\n<li>Local de trabalho: Rio de Janeiro, RJ<\/li>\n<li>Regime de contrata\u00e7\u00e3o de tipo: Efetivo \u2013 CLT<\/li>\n<li>Jornada: Per\u00edodo Integral<\/li>\n<li>\u00c1rea e especializa\u00e7\u00e3o profissional: Sa\u00fade &#8211; Nutri\u00e7\u00e3o<\/li>\n<li>N\u00edvel hier\u00e1rquico: Especialista<\/li>\n<\/ul>\n<p>VALORIZADO<\/p>\n<p>Tempo de experi\u00eancia: Entre 1 e 3 anos<\/p>\n<p>Escolaridade M\u00ednima: Ensino Superior<\/p>\n<p>Sal\u00e1rio: 3443,49<\/p>\n","protected":false},"excerpt":{"rendered":"<p>Luandre em parceria com a Orla Rio est\u00e1 com vagas abertas para Carpinteiro Atribui\u00e7\u00f5es: Respons\u00e1vel por realizar inspe\u00e7\u00f5es e vistorias sanit\u00e1rias nos quiosques, pontuando e orientando sobre as corre\u00e7\u00f5es necess\u00e1rias, garantindo o cumprimento das normas das legisla\u00e7\u00f5es vigentes. Realizar visitas t\u00e9cnicas de prote\u00e7\u00e3o de seguran\u00e7a de alimentos nos quiosques. Cuidar da conserva\u00e7\u00e3o da estrutura e [&hellip;]<\/p>\n","protected":false},"author":1,"featured_media":0,"comment_status":"open","ping_status":"open","sticky":false,"template":"","format":"standard","meta":{"footnotes":""},"categories":[21],"tags":[],"class_list":["post-6542","post","type-post","status-publish","format-standard","hentry","category-rio-de-janeiro-rj"],"_links":{"self":[{"href":"https:\/\/vagas.portalemprego.com.br\/index.php?rest_route=\/wp\/v2\/posts\/6542","targetHints":{"allow":["GET"]}}],"collection":[{"href":"https:\/\/vagas.portalemprego.com.br\/index.php?rest_route=\/wp\/v2\/posts"}],"about":[{"href":"https:\/\/vagas.portalemprego.com.br\/index.php?rest_route=\/wp\/v2\/types\/post"}],"author":[{"embeddable":true,"href":"https:\/\/vagas.portalemprego.com.br\/index.php?rest_route=\/wp\/v2\/users\/1"}],"replies":[{"embeddable":true,"href":"https:\/\/vagas.portalemprego.com.br\/index.php?rest_route=%2Fwp%2Fv2%2Fcomments&post=6542"}],"version-history":[{"count":0,"href":"https:\/\/vagas.portalemprego.com.br\/index.php?rest_route=\/wp\/v2\/posts\/6542\/revisions"}],"wp:attachment":[{"href":"https:\/\/vagas.portalemprego.com.br\/index.php?rest_route=%2Fwp%2Fv2%2Fmedia&parent=6542"}],"wp:term":[{"taxonomy":"category","embeddable":true,"href":"https:\/\/vagas.portalemprego.com.br\/index.php?rest_route=%2Fwp%2Fv2%2Fcategories&post=6542"},{"taxonomy":"post_tag","embeddable":true,"href":"https:\/\/vagas.portalemprego.com.br\/index.php?rest_route=%2Fwp%2Fv2%2Ftags&post=6542"}],"curies":[{"name":"wp","href":"https:\/\/api.w.org\/{rel}","templated":true}]}}