{"id":6543,"date":"2026-04-29T06:06:06","date_gmt":"2026-04-29T09:06:06","guid":{"rendered":"https:\/\/vagas.portalemprego.com.br\/?p=6543"},"modified":"2026-04-29T06:06:06","modified_gmt":"2026-04-29T09:06:06","slug":"gerente-de-operacoes-engenharia-rio-de-janeiro","status":"publish","type":"post","link":"https:\/\/vagas.portalemprego.com.br\/?p=6543","title":{"rendered":"Gerente de Opera\u00e7\u00f5es &#8211; Engenharia &#8211; Rio de Janeiro"},"content":{"rendered":"<p>Luandre em parceria com a Orla Rio est\u00e1 com vagas abertas para Gerente de Opera\u00e7\u00e3o<\/p>\n<p>Principais Responsabilidades:<br \/>\nPromover avalia\u00e7\u00e3o peri\u00f3dica da equipe, atrav\u00e9s da an\u00e1lise dos relat\u00f3rios de produtividade, prestando feedbacks semanais, a fim de acompanhar o desempenho, identificar oportunidades de melhoria e auxiliar no desenvolvimento dos colaboradores.<br \/>\nPrestar assist\u00eancia aos parceiros Comerciais, coordenando o acompanhamento das faltas e\/ou intercorr\u00eancias de produtos, para monitoramento do cumprimento dos contratos.<br \/>\nAcompanhar mensalmente a auditoria externa (Contrato Ambev), presencialmente, prestando informa\u00e7\u00f5es e aux\u00edlio aos auditores, para cumprimento de cl\u00e1usulas contratuais e confer\u00eancia do mix obrigat\u00f3rio de produtos nos quiosques.<br \/>\nEfetuar fechamento de Auditoria (Contrato Ambev), ap\u00f3s a auditoria realizar confer\u00eancia dos arquivos referentes, a fim de enviar \u00e0 Ambev e ao setor Financeiro para encerramento do processo e emiss\u00e3o das notas fiscais para pagamento.<br \/>\nAcompanhar a auditoria di\u00e1ria dos quiosques, atrav\u00e9s da agenda de visitas dos consultores e reporte do Supervisor, para confer\u00eancia do cumprimento dos contratos.<br \/>\nElaborar relat\u00f3rios de controle operacional mensal ou mediante demanda elencando todas as atividades e resultados do departamento, incluindo evid\u00eancias fotogr\u00e1ficas de status dos quiosques se necess\u00e1rio, enviando os dados para acompanhamento pela diretoria.<br \/>\nPromover\/participar de reuni\u00f5es com outros departamentos (Atendimento ao Cliente, Manuten\u00e7\u00e3o, Auditoria, Postos e Bases, Comercial, Merchandising) conforme agendamento mensal, semanal ou de urg\u00eancia espec\u00edfica, para alinhamento de andamento de processos, troca de ideias, resolu\u00e7\u00e3o de problemas e defini\u00e7\u00e3o de planos de a\u00e7\u00e3o.<br \/>\nRealizar estudo de viabilidade de novos produtos e\/ou parceiros, analisando juntamente com o departamento de atendimento ao cliente, visando trazer maiores resultados aos clientes.<br \/>\nAcompanhar relat\u00f3rios sanit\u00e1rios, conforme retorno da equipe de sanitaristas, para monitoramento das atividades realizadas e do desempenho de cada quiosque.<br \/>\nPromover\/participar de reuni\u00f5es com novos operadores, atrav\u00e9s de agendamento pr\u00e9vio, visando alinhamento de execu\u00e7\u00e3o do plano de a\u00e7\u00e3o inicial operacional onde s\u00e3o dispostas as principais demandas e obrigatoriedades do operador.<br \/>\nGarantir cadastro de novos clientes efetuando o processo junto aos operadores via sistema Check List, para obter os dados necess\u00e1rios para firmar novos parceiros e a\u00e7\u00f5es.<br \/>\nAcompanhar a equipe nas inaugura\u00e7\u00f5es e entrega de quiosques, por meio de visitas agendadas com operadores e departamentos respons\u00e1veis, garantindo o preenchimento de relat\u00f3rios e termos pertinentes, a fim de criar comunica\u00e7\u00e3o efetiva com o cliente e garantir a qualidade das entregas.<br \/>\nAtuar junto \u00e0 equipe nas devolu\u00e7\u00f5es de quiosques, por meio de visitas agendadas com o operador e departamento de Manuten\u00e7\u00e3o, assegurando o preenchimento de checklist de vistoria e o<\/p>\n<p>Benef\u00edcios:<br \/>\nTicket Refei\u00e7\u00e3o: R$ 29,00 por dia \u00fatil trabalhado;<br \/>\nPlano de Sa\u00fade e Odontol\u00f3gico<br \/>\nVale Transporte<br \/>\nTransporte de Van fretada: disponibilizamos uma van da Orla Rio para buscar os funcion\u00e1rios na esta\u00e7\u00e3o do Jardim Oce\u00e2nico at\u00e9 a sede no Jo\u00e1 e da sede para a esta\u00e7\u00e3o (gratuitamente);<br \/>\nCart\u00e3o Farm\u00e1cia;<br \/>\nGympass;<br \/>\nDay-off no dia do seu anivers\u00e1rio;<br \/>\n14\u00b0 sal\u00e1rio.<\/p>\n<p>Escala e Local de Trabalho:<br \/>\nSegunda \u00e0 sexta-feira &#8211; 8h \u00e0s 17:48 | Copacabana.<\/p>\n<p>Remunera\u00e7\u00e3o:<br \/>\nSal\u00e1rio Mensal: R$ 8.500,00 &#8211; Contrato CLT.<\/p>\n<p>Informa\u00e7\u00f5es adicionais<br \/>\nPara essa vaga, buscamos perfis focados na \u00e1rea de franquias, administradoras de shopping ou redes de supermercados.<\/p>\n<ul>\n<li>Local de trabalho: Rio de Janeiro, RJ<\/li>\n<li>Regime de contrata\u00e7\u00e3o de tipo: Efetivo \u2013 CLT<\/li>\n<li>Jornada: Per\u00edodo Integral<\/li>\n<li>\u00c1rea e especializa\u00e7\u00e3o profissional: Engenharia &#8211; Engenharia Industrial, Produ\u00e7\u00e3o<\/li>\n<li>N\u00edvel hier\u00e1rquico: Gerente<\/li>\n<\/ul>\n<p>VALORIZADO<\/p>\n<p>Tempo de experi\u00eancia: Entre 1 e 3 anos<\/p>\n<p>Escolaridade M\u00ednima: Ensino Superior<\/p>\n<p>Sal\u00e1rio: 8500,0<\/p>\n","protected":false},"excerpt":{"rendered":"<p>Luandre em parceria com a Orla Rio est\u00e1 com vagas abertas para Gerente de Opera\u00e7\u00e3o Principais Responsabilidades: Promover avalia\u00e7\u00e3o peri\u00f3dica da equipe, atrav\u00e9s da an\u00e1lise dos relat\u00f3rios de produtividade, prestando feedbacks semanais, a fim de acompanhar o desempenho, identificar oportunidades de melhoria e auxiliar no desenvolvimento dos colaboradores. Prestar assist\u00eancia aos parceiros Comerciais, coordenando o [&hellip;]<\/p>\n","protected":false},"author":1,"featured_media":0,"comment_status":"open","ping_status":"open","sticky":false,"template":"","format":"standard","meta":{"footnotes":""},"categories":[21],"tags":[],"class_list":["post-6543","post","type-post","status-publish","format-standard","hentry","category-rio-de-janeiro-rj"],"_links":{"self":[{"href":"https:\/\/vagas.portalemprego.com.br\/index.php?rest_route=\/wp\/v2\/posts\/6543","targetHints":{"allow":["GET"]}}],"collection":[{"href":"https:\/\/vagas.portalemprego.com.br\/index.php?rest_route=\/wp\/v2\/posts"}],"about":[{"href":"https:\/\/vagas.portalemprego.com.br\/index.php?rest_route=\/wp\/v2\/types\/post"}],"author":[{"embeddable":true,"href":"https:\/\/vagas.portalemprego.com.br\/index.php?rest_route=\/wp\/v2\/users\/1"}],"replies":[{"embeddable":true,"href":"https:\/\/vagas.portalemprego.com.br\/index.php?rest_route=%2Fwp%2Fv2%2Fcomments&post=6543"}],"version-history":[{"count":0,"href":"https:\/\/vagas.portalemprego.com.br\/index.php?rest_route=\/wp\/v2\/posts\/6543\/revisions"}],"wp:attachment":[{"href":"https:\/\/vagas.portalemprego.com.br\/index.php?rest_route=%2Fwp%2Fv2%2Fmedia&parent=6543"}],"wp:term":[{"taxonomy":"category","embeddable":true,"href":"https:\/\/vagas.portalemprego.com.br\/index.php?rest_route=%2Fwp%2Fv2%2Fcategories&post=6543"},{"taxonomy":"post_tag","embeddable":true,"href":"https:\/\/vagas.portalemprego.com.br\/index.php?rest_route=%2Fwp%2Fv2%2Ftags&post=6543"}],"curies":[{"name":"wp","href":"https:\/\/api.w.org\/{rel}","templated":true}]}}