{"id":6546,"date":"2026-04-29T06:06:06","date_gmt":"2026-04-29T09:06:06","guid":{"rendered":"https:\/\/vagas.portalemprego.com.br\/?p=6546"},"modified":"2026-04-29T06:06:06","modified_gmt":"2026-04-29T09:06:06","slug":"carpinteiro-industrial-producao-fabrica-rio-de-janeiro","status":"publish","type":"post","link":"https:\/\/vagas.portalemprego.com.br\/?p=6546","title":{"rendered":"Carpinteiro &#8211; Industrial, Produ\u00e7\u00e3o, F\u00e1brica &#8211; Rio de Janeiro"},"content":{"rendered":"<p>Luandre em parceria com a Orla Rio est\u00e1 com vagas abertas para Carpinteiro<\/p>\n<p>Atribui\u00e7\u00f5es:<br \/>\nCortar, armar, instalar e reparar pec\u00b8as de madeira;<br \/>\nInstalar e ajustar esquadrias de madeira;<br \/>\nReparar elementos de madeira;<br \/>\nAferir ferramentas de corte;<br \/>\nRevestir e sustentar coberturas, forros e assoalhos;<br \/>\nCriar janelas, portas e esquadrias.<\/p>\n<p>Requisitos:<br \/>\nTer experi\u00eancia anterior como carpinteiro ou marceneiro.<\/p>\n<p>Benef\u00edcios:<br \/>\nTicket Refei\u00e7\u00e3o: R$ 29,00 por dia \u00fatil trabalhado;<br \/>\nPlano de Sa\u00fade e Odontol\u00f3gico<br \/>\nVale Transporte<br \/>\nTransporte de Van fretada: disponibilizamos uma van da Orla Rio para buscar os funcion\u00e1rios na esta\u00e7\u00e3o do Jardim Oce\u00e2nico at\u00e9 a sede no Jo\u00e1 e da sede para a esta\u00e7\u00e3o (gratuitamente);<br \/>\nCart\u00e3o Farm\u00e1cia;<br \/>\nGympass;<br \/>\nDay-off no dia do seu anivers\u00e1rio;<br \/>\n14\u00b0 sal\u00e1rio.<\/p>\n<p>Escala e Local de Trabalho:<br \/>\nSegunda \u00e0 sexta-feira &#8211; 8h \u00e0s 17:48 | Jo\u00e1, Barra da Tijuca.<br \/>\nRemunera\u00e7\u00e3o:<br \/>\nSal\u00e1rio Mensal: R$ 2.737,57.<\/p>\n<p>Informa\u00e7\u00f5es adicionais<br \/>\nFaz trabalho externo;<br \/>\nRecebe horas extras.<\/p>\n<ul>\n<li>Local de trabalho: Rio de Janeiro, RJ<\/li>\n<li>Regime de contrata\u00e7\u00e3o de tipo: Efetivo \u2013 CLT<\/li>\n<li>Jornada: Per\u00edodo Integral<\/li>\n<li>\u00c1rea e especializa\u00e7\u00e3o profissional: Industrial, Produ\u00e7\u00e3o, F\u00e1brica &#8211; Carpintaria \/ Montagem de M\u00f3veis<\/li>\n<li>N\u00edvel hier\u00e1rquico: Operacional<\/li>\n<\/ul>\n<p>VALORIZADO<\/p>\n<p>Tempo de experi\u00eancia: Entre 1 e 3 anos<\/p>\n<p>Escolaridade M\u00ednima: Ensino M\u00e9dio (2\u00ba Grau)<\/p>\n<p>Sal\u00e1rio: 2737,57<\/p>\n","protected":false},"excerpt":{"rendered":"<p>Luandre em parceria com a Orla Rio est\u00e1 com vagas abertas para Carpinteiro Atribui\u00e7\u00f5es: Cortar, armar, instalar e reparar pec\u00b8as de madeira; Instalar e ajustar esquadrias de madeira; Reparar elementos de madeira; Aferir ferramentas de corte; Revestir e sustentar coberturas, forros e assoalhos; Criar janelas, portas e esquadrias. Requisitos: Ter experi\u00eancia anterior como carpinteiro ou [&hellip;]<\/p>\n","protected":false},"author":1,"featured_media":0,"comment_status":"open","ping_status":"open","sticky":false,"template":"","format":"standard","meta":{"footnotes":""},"categories":[21],"tags":[],"class_list":["post-6546","post","type-post","status-publish","format-standard","hentry","category-rio-de-janeiro-rj"],"_links":{"self":[{"href":"https:\/\/vagas.portalemprego.com.br\/index.php?rest_route=\/wp\/v2\/posts\/6546","targetHints":{"allow":["GET"]}}],"collection":[{"href":"https:\/\/vagas.portalemprego.com.br\/index.php?rest_route=\/wp\/v2\/posts"}],"about":[{"href":"https:\/\/vagas.portalemprego.com.br\/index.php?rest_route=\/wp\/v2\/types\/post"}],"author":[{"embeddable":true,"href":"https:\/\/vagas.portalemprego.com.br\/index.php?rest_route=\/wp\/v2\/users\/1"}],"replies":[{"embeddable":true,"href":"https:\/\/vagas.portalemprego.com.br\/index.php?rest_route=%2Fwp%2Fv2%2Fcomments&post=6546"}],"version-history":[{"count":0,"href":"https:\/\/vagas.portalemprego.com.br\/index.php?rest_route=\/wp\/v2\/posts\/6546\/revisions"}],"wp:attachment":[{"href":"https:\/\/vagas.portalemprego.com.br\/index.php?rest_route=%2Fwp%2Fv2%2Fmedia&parent=6546"}],"wp:term":[{"taxonomy":"category","embeddable":true,"href":"https:\/\/vagas.portalemprego.com.br\/index.php?rest_route=%2Fwp%2Fv2%2Fcategories&post=6546"},{"taxonomy":"post_tag","embeddable":true,"href":"https:\/\/vagas.portalemprego.com.br\/index.php?rest_route=%2Fwp%2Fv2%2Ftags&post=6546"}],"curies":[{"name":"wp","href":"https:\/\/api.w.org\/{rel}","templated":true}]}}