{"id":6548,"date":"2026-04-29T06:06:06","date_gmt":"2026-04-29T09:06:06","guid":{"rendered":"https:\/\/vagas.portalemprego.com.br\/?p=6548"},"modified":"2026-04-29T06:06:06","modified_gmt":"2026-04-29T09:06:06","slug":"analista-de-departamento-pessoal-recursos-humanos-rio-das-ostras","status":"publish","type":"post","link":"https:\/\/vagas.portalemprego.com.br\/?p=6548","title":{"rendered":"Analista de Departamento Pessoal &#8211; Recursos Humanos &#8211; Rio das Ostras"},"content":{"rendered":"<p>A RHF Talentos busca profissional qualificado para o cargo de Analista de Departamento Pessoal para atuar em seu cliente, Escrit\u00f3rio Cont\u00e1bil em Rio das Ostras, RJ.<\/p>\n<p>O candidato ideal dever\u00e1 ter s\u00f3lido conhecimento em Sistema Dominio ou Alterdata, al\u00e9m de experi\u00eancia em Departamento Pessoal de escrit\u00f3rios de contabilidade.<\/p>\n<p>\u00c9 necess\u00e1rio Ensino M\u00e9dio completo e Gradua\u00e7\u00e3o ou estar cursando Gest\u00e3o de Recursos Humanos, sendo um diferencial.<br \/>\nO candidato dever\u00e1 demonstrar excelente comunica\u00e7\u00e3o, comprometimento e resili\u00eancia, com a capacidade de trabalhar sob press\u00e3o.<br \/>\nHabilidades de relacionamento em equipe s\u00e3o fundamentais para o sucesso nesta fun\u00e7\u00e3o.<\/p>\n<p>O trabalho envolve a gest\u00e3o de informa\u00e7\u00f5es de pessoal, incluindo calculo de folha de pagamento, ferias e rescis\u00e3o, sefip, dtfweb, envios periodicos, n\u00e3o periodocos e SST ao Esocial, recalculo FGTS, admiss\u00e3o  e demais atividades administrativas relacionadas ao departamento de pessoal.<\/p>\n<p>O profissional dever\u00e1 garantir a conformidade com as normas trabalhistas vigentes, al\u00e9m de colaborar com a equipe para o alcance dos objetivos do departamento e da empresa.<\/p>\n<p>Se voc\u00ea tem o perfil descrito e est\u00e1 interessado em fazer parte de um ambiente colaborativo e equipe comprometida com a excel\u00eancia, esta \u00e9 uma oportunidade para voc\u00ea.<\/p>\n<p>Junte-se \u00e0 nossa equipe e contribua para o sucesso do nosso cliente que ser\u00e1 comunicado durante o processo seletivo.<\/p>\n<ul>\n<li>Local de trabalho: Rio das Ostras, RJ<\/li>\n<li>Regime de contrata\u00e7\u00e3o de tipo: Efetivo \u2013 CLT<\/li>\n<li>Jornada: Per\u00edodo Integral<\/li>\n<li>\u00c1rea e especializa\u00e7\u00e3o profissional: Recursos Humanos &#8211; Departamento Pessoal<\/li>\n<li>N\u00edvel hier\u00e1rquico: Analista<\/li>\n<\/ul>\n<p>VALORIZADO<\/p>\n<p>Tempo de experi\u00eancia: Entre 1 e 3 anos<\/p>\n<p>HABILIDADES<\/p>\n<ul>\n<li>saber trabalhar sob press\u00e3o<\/li>\n<li>resili\u00eancia<\/li>\n<li>comprometimento<\/li>\n<li>excelente comunica\u00e7\u00e3o<\/li>\n<li>Conhecimento Sistema Dominio ou Alterdata<\/li>\n<li>Ensino Medio Completo<\/li>\n<li>Experiencia em DP de Escrit\u00f3rio de Contabilidade<\/li>\n<li>habilidades de relacionamento em equipe<\/li>\n<li>Gradua\u00e7\u00e3o ou cursando Gest\u00e3o de Recursos Humanos, ser\u00e1 um diferencial<\/li>\n<\/ul>\n<p>Escolaridade M\u00ednima: Ensino M\u00e9dio (2\u00ba Grau)<\/p>\n<ul>\n<li>Auxilio alimenta\u00e7\u00e3o<\/li>\n<li>seguro de vida<\/li>\n<li>seguro funeral<\/li>\n<li>assistencia saude familiar local<\/li>\n<li>Participa\u00e7\u00e3o nos lucros anual<\/li>\n<li>Comiss\u00e3o por indica\u00e7\u00e3o cliente<\/li>\n<\/ul>\n<p>Sal\u00e1rio: 2415,0<\/p>\n","protected":false},"excerpt":{"rendered":"<p>A RHF Talentos busca profissional qualificado para o cargo de Analista de Departamento Pessoal para atuar em seu cliente, Escrit\u00f3rio Cont\u00e1bil em Rio das Ostras, RJ. O candidato ideal dever\u00e1 ter s\u00f3lido conhecimento em Sistema Dominio ou Alterdata, al\u00e9m de experi\u00eancia em Departamento Pessoal de escrit\u00f3rios de contabilidade. \u00c9 necess\u00e1rio Ensino M\u00e9dio completo e Gradua\u00e7\u00e3o [&hellip;]<\/p>\n","protected":false},"author":1,"featured_media":0,"comment_status":"open","ping_status":"open","sticky":false,"template":"","format":"standard","meta":{"footnotes":""},"categories":[21],"tags":[],"class_list":["post-6548","post","type-post","status-publish","format-standard","hentry","category-rio-de-janeiro-rj"],"_links":{"self":[{"href":"https:\/\/vagas.portalemprego.com.br\/index.php?rest_route=\/wp\/v2\/posts\/6548","targetHints":{"allow":["GET"]}}],"collection":[{"href":"https:\/\/vagas.portalemprego.com.br\/index.php?rest_route=\/wp\/v2\/posts"}],"about":[{"href":"https:\/\/vagas.portalemprego.com.br\/index.php?rest_route=\/wp\/v2\/types\/post"}],"author":[{"embeddable":true,"href":"https:\/\/vagas.portalemprego.com.br\/index.php?rest_route=\/wp\/v2\/users\/1"}],"replies":[{"embeddable":true,"href":"https:\/\/vagas.portalemprego.com.br\/index.php?rest_route=%2Fwp%2Fv2%2Fcomments&post=6548"}],"version-history":[{"count":0,"href":"https:\/\/vagas.portalemprego.com.br\/index.php?rest_route=\/wp\/v2\/posts\/6548\/revisions"}],"wp:attachment":[{"href":"https:\/\/vagas.portalemprego.com.br\/index.php?rest_route=%2Fwp%2Fv2%2Fmedia&parent=6548"}],"wp:term":[{"taxonomy":"category","embeddable":true,"href":"https:\/\/vagas.portalemprego.com.br\/index.php?rest_route=%2Fwp%2Fv2%2Fcategories&post=6548"},{"taxonomy":"post_tag","embeddable":true,"href":"https:\/\/vagas.portalemprego.com.br\/index.php?rest_route=%2Fwp%2Fv2%2Ftags&post=6548"}],"curies":[{"name":"wp","href":"https:\/\/api.w.org\/{rel}","templated":true}]}}