{"id":6552,"date":"2026-04-29T06:06:06","date_gmt":"2026-04-29T09:06:06","guid":{"rendered":"https:\/\/vagas.portalemprego.com.br\/?p=6552"},"modified":"2026-04-29T06:06:06","modified_gmt":"2026-04-29T09:06:06","slug":"gerente-de-loja-de-departamento-comercial-vendas-rio-de-janeiro","status":"publish","type":"post","link":"https:\/\/vagas.portalemprego.com.br\/?p=6552","title":{"rendered":"Gerente de Loja de Departamento &#8211; Comercial, Vendas &#8211; Rio de Janeiro"},"content":{"rendered":"<p>Estamos com uma oportunidade para atuar como Gerente de Loja de Departamento em um de nossos clientes. Buscamos um(a) profissional com perfil de lideran\u00e7a, vis\u00e3o estrat\u00e9gica e foco em resultados, que ser\u00e1 respons\u00e1vel por garantir a excel\u00eancia na gest\u00e3o da loja, equipe e atendimento ao cliente.<\/p>\n<p>Responsabilidades:<\/p>\n<p>\u2022\tGerenciar todas as opera\u00e7\u00f5es da loja, assegurando o cumprimento de metas e indicadores de desempenho;<br \/>\n\u2022\tLiderar, motivar e desenvolver a equipe de vendas e demais colaboradores;<br \/>\n\u2022\tPlanejar e organizar a disposi\u00e7\u00e3o de produtos, campanhas promocionais e a\u00e7\u00f5es de merchandising;<br \/>\n\u2022\tControlar o estoque, pedidos, invent\u00e1rio e entrada de mercadorias;<br \/>\n\u2022\tGarantir a excel\u00eancia no atendimento ao cliente e o padr\u00e3o de qualidade da loja;<br \/>\n\u2022\tAcompanhar relat\u00f3rios de vendas, fluxo de caixa e desempenho financeiro da unidade;<br \/>\n\u2022\tZelar pela organiza\u00e7\u00e3o, limpeza e manuten\u00e7\u00e3o da loja;<br \/>\n\u2022\tAssegurar o cumprimento das normas da empresa e das legisla\u00e7\u00f5es trabalhistas e de seguran\u00e7a.<\/p>\n<p>Requisitos:<\/p>\n<p>\u2022\tEnsino Superior completo ou em andamento (preferencialmente em Administra\u00e7\u00e3o, Gest\u00e3o Comercial ou \u00e1reas correlatas);<br \/>\n\u2022\tExperi\u00eancia comprovada em gest\u00e3o de loja de varejo, preferencialmente em lojas de departamento;<br \/>\n\u2022\tConhecimentos em gest\u00e3o de equipes, vendas, controle de estoque e indicadores de desempenho;<br \/>\n\u2022\tHabilidade em negocia\u00e7\u00e3o, resolu\u00e7\u00e3o de conflitos e foco em resultados;<br \/>\n\u2022\tDisponibilidade para trabalhar em hor\u00e1rios flex\u00edveis, inclusive aos finais de semana e feriados.<\/p>\n<p>Diferenciais:<\/p>\n<p>\u2022\tExperi\u00eancia com sistemas de gest\u00e3o de varejo (ERP\/POS);<br \/>\n\u2022\tCursos de lideran\u00e7a, atendimento ao cliente ou gest\u00e3o comercial.<\/p>\n<p>Hor\u00e1rio: Escala 6&#215;1<\/p>\n<ul>\n<li>Local de trabalho: Rio de Janeiro, RJ<\/li>\n<li>Regime de contrata\u00e7\u00e3o de tipo: Efetivo \u2013 CLT<\/li>\n<li>Jornada: Per\u00edodo Integral<\/li>\n<li>\u00c1rea e especializa\u00e7\u00e3o profissional: Comercial, Vendas &#8211; Lojas \/ Shopping<\/li>\n<li>N\u00edvel hier\u00e1rquico: Gerente<\/li>\n<\/ul>\n<p>VALORIZADO<\/p>\n<p>Tempo de experi\u00eancia: Entre 5 e 10 anos<\/p>\n<p>Escolaridade M\u00ednima: Ensino Superior<\/p>\n<p>Forma\u00e7\u00e3o desejada:<\/p>\n<ul>\n<li>Administra\u00e7\u00e3o de empresas, Ensino Superior<\/li>\n<\/ul>\n<ul>\n<li>Vale-transporte<\/li>\n<li>Refei\u00e7\u00e3o no local<\/li>\n<li>Plano de Sa\u00fade<\/li>\n<\/ul>\n","protected":false},"excerpt":{"rendered":"<p>Estamos com uma oportunidade para atuar como Gerente de Loja de Departamento em um de nossos clientes. Buscamos um(a) profissional com perfil de lideran\u00e7a, vis\u00e3o estrat\u00e9gica e foco em resultados, que ser\u00e1 respons\u00e1vel por garantir a excel\u00eancia na gest\u00e3o da loja, equipe e atendimento ao cliente. Responsabilidades: \u2022 Gerenciar todas as opera\u00e7\u00f5es da loja, assegurando [&hellip;]<\/p>\n","protected":false},"author":1,"featured_media":0,"comment_status":"open","ping_status":"open","sticky":false,"template":"","format":"standard","meta":{"footnotes":""},"categories":[21],"tags":[],"class_list":["post-6552","post","type-post","status-publish","format-standard","hentry","category-rio-de-janeiro-rj"],"_links":{"self":[{"href":"https:\/\/vagas.portalemprego.com.br\/index.php?rest_route=\/wp\/v2\/posts\/6552","targetHints":{"allow":["GET"]}}],"collection":[{"href":"https:\/\/vagas.portalemprego.com.br\/index.php?rest_route=\/wp\/v2\/posts"}],"about":[{"href":"https:\/\/vagas.portalemprego.com.br\/index.php?rest_route=\/wp\/v2\/types\/post"}],"author":[{"embeddable":true,"href":"https:\/\/vagas.portalemprego.com.br\/index.php?rest_route=\/wp\/v2\/users\/1"}],"replies":[{"embeddable":true,"href":"https:\/\/vagas.portalemprego.com.br\/index.php?rest_route=%2Fwp%2Fv2%2Fcomments&post=6552"}],"version-history":[{"count":0,"href":"https:\/\/vagas.portalemprego.com.br\/index.php?rest_route=\/wp\/v2\/posts\/6552\/revisions"}],"wp:attachment":[{"href":"https:\/\/vagas.portalemprego.com.br\/index.php?rest_route=%2Fwp%2Fv2%2Fmedia&parent=6552"}],"wp:term":[{"taxonomy":"category","embeddable":true,"href":"https:\/\/vagas.portalemprego.com.br\/index.php?rest_route=%2Fwp%2Fv2%2Fcategories&post=6552"},{"taxonomy":"post_tag","embeddable":true,"href":"https:\/\/vagas.portalemprego.com.br\/index.php?rest_route=%2Fwp%2Fv2%2Ftags&post=6552"}],"curies":[{"name":"wp","href":"https:\/\/api.w.org\/{rel}","templated":true}]}}