{"id":6557,"date":"2026-04-29T06:06:06","date_gmt":"2026-04-29T09:06:06","guid":{"rendered":"https:\/\/vagas.portalemprego.com.br\/?p=6557"},"modified":"2026-04-29T06:06:06","modified_gmt":"2026-04-29T09:06:06","slug":"consultora-comercial-comercial-vendas-rio-de-janeiro","status":"publish","type":"post","link":"https:\/\/vagas.portalemprego.com.br\/?p=6557","title":{"rendered":"Consultora Comercial &#8211; Comercial, Vendas &#8211; Rio de Janeiro"},"content":{"rendered":"<p>**Oferta de Emprego: Consultora  Comercial**<\/p>\n<p>Estamos em busca de uma Consultora Comercial din\u00e2mica e experiente para se juntar \u00e0 nossa equipe.<\/p>\n<p>A candidata ideal dever\u00e1 ter um ensino superior nas \u00e1reas de Marketing, Publicidade e afins, al\u00e9m de s\u00f3lida experi\u00eancia em vendas e utiliza\u00e7\u00e3o de sistemas CRM.<br \/>\nExperi\u00eancia no ramo de est\u00e9tica ser\u00e1 um diferencial.<\/p>\n<p>Como Consultora Comercial, voc\u00ea ser\u00e1 respons\u00e1vel por identificar e conquistar novos clientes, al\u00e9m de manter e desenvolver relacionamentos com clientes existentes.<\/p>\n<p>Seu papel ser\u00e1 fundamental para o crescimento e o sucesso da empresa, trabalhando em conjunto com a equipe de marketing e suporte para garantir a satisfa\u00e7\u00e3o e fideliza\u00e7\u00e3o dos clientes.<\/p>\n<p>Experi\u00eancia com CRM \u00e9 essencial, pois voc\u00ea ser\u00e1 respons\u00e1vel por gerenciar e atualizar informa\u00e7\u00f5es de clientes em nosso sistema, garantindo que todas as intera\u00e7\u00f5es e oportunidades de vendas sejam registradas e seguidas de forma eficaz.<\/p>\n<p>A candidato dever\u00e1 demonstrar habilidades de comunica\u00e7\u00e3o e negocia\u00e7\u00e3o avan\u00e7adas, com uma abordagem orientada para resultados.<\/p>\n<p>Se voc\u00ea \u00e9 uma profissional motivada, com um hist\u00f3rico comprovado de sucesso em vendas e uma paix\u00e3o por marketing e publicidade, esta oportunidade \u00e9 para voc\u00ea.<\/p>\n<p>Junte-se \u00e0 nossa equipe e contribua para o nosso crescimento e sucesso!<\/p>\n<p>Aguardamos seu interesse e sua candidatura para esta posi\u00e7\u00e3o.<\/p>\n<ul>\n<li>Local de trabalho: Rio de Janeiro, RJ<\/li>\n<li>Regime de contrata\u00e7\u00e3o de tipo: Efetivo \u2013 CLT<\/li>\n<li>Jornada: Per\u00edodo Integral<\/li>\n<li>\u00c1rea e especializa\u00e7\u00e3o profissional: Comercial, Vendas &#8211; Venda Interna<\/li>\n<li>N\u00edvel hier\u00e1rquico: Consultor<\/li>\n<\/ul>\n<p>VALORIZADO<\/p>\n<p>Tempo de experi\u00eancia: Entre 1 e 3 anos<\/p>\n<p>HABILIDADES<\/p>\n<ul>\n<li>Experi\u00eancia no ramo de est\u00e9tica ser\u00e1 um diferencial<\/li>\n<li>S\u00f3lida experi\u00eancia em vendas<\/li>\n<li>Experi\u00eancia com utiliza\u00e7\u00e3o de sistema CRM<\/li>\n<li>Ensino superior nas \u00e1reas de Marketing, Publicidade e afins&#8230;.<\/li>\n<\/ul>\n<p>Escolaridade M\u00ednima: Ensino Superior<\/p>\n<ul>\n<li>Comiss\u00f5es<\/li>\n<li>Vale-transporte<\/li>\n<li>Vale-refei\u00e7\u00e3o<\/li>\n<li>Assist\u00eancia m\u00e9dica<\/li>\n<\/ul>\n<p>Sal\u00e1rio: 2500,0<\/p>\n","protected":false},"excerpt":{"rendered":"<p>**Oferta de Emprego: Consultora Comercial** Estamos em busca de uma Consultora Comercial din\u00e2mica e experiente para se juntar \u00e0 nossa equipe. A candidata ideal dever\u00e1 ter um ensino superior nas \u00e1reas de Marketing, Publicidade e afins, al\u00e9m de s\u00f3lida experi\u00eancia em vendas e utiliza\u00e7\u00e3o de sistemas CRM. Experi\u00eancia no ramo de est\u00e9tica ser\u00e1 um diferencial. [&hellip;]<\/p>\n","protected":false},"author":1,"featured_media":0,"comment_status":"open","ping_status":"open","sticky":false,"template":"","format":"standard","meta":{"footnotes":""},"categories":[21],"tags":[],"class_list":["post-6557","post","type-post","status-publish","format-standard","hentry","category-rio-de-janeiro-rj"],"_links":{"self":[{"href":"https:\/\/vagas.portalemprego.com.br\/index.php?rest_route=\/wp\/v2\/posts\/6557","targetHints":{"allow":["GET"]}}],"collection":[{"href":"https:\/\/vagas.portalemprego.com.br\/index.php?rest_route=\/wp\/v2\/posts"}],"about":[{"href":"https:\/\/vagas.portalemprego.com.br\/index.php?rest_route=\/wp\/v2\/types\/post"}],"author":[{"embeddable":true,"href":"https:\/\/vagas.portalemprego.com.br\/index.php?rest_route=\/wp\/v2\/users\/1"}],"replies":[{"embeddable":true,"href":"https:\/\/vagas.portalemprego.com.br\/index.php?rest_route=%2Fwp%2Fv2%2Fcomments&post=6557"}],"version-history":[{"count":0,"href":"https:\/\/vagas.portalemprego.com.br\/index.php?rest_route=\/wp\/v2\/posts\/6557\/revisions"}],"wp:attachment":[{"href":"https:\/\/vagas.portalemprego.com.br\/index.php?rest_route=%2Fwp%2Fv2%2Fmedia&parent=6557"}],"wp:term":[{"taxonomy":"category","embeddable":true,"href":"https:\/\/vagas.portalemprego.com.br\/index.php?rest_route=%2Fwp%2Fv2%2Fcategories&post=6557"},{"taxonomy":"post_tag","embeddable":true,"href":"https:\/\/vagas.portalemprego.com.br\/index.php?rest_route=%2Fwp%2Fv2%2Ftags&post=6557"}],"curies":[{"name":"wp","href":"https:\/\/api.w.org\/{rel}","templated":true}]}}