{"id":6558,"date":"2026-04-29T06:06:06","date_gmt":"2026-04-29T09:06:06","guid":{"rendered":"https:\/\/vagas.portalemprego.com.br\/?p=6558"},"modified":"2026-04-29T06:06:06","modified_gmt":"2026-04-29T09:06:06","slug":"gerente-de-loja-barra-da-tijuca-comercial-vendas-rio-de-janeiro","status":"publish","type":"post","link":"https:\/\/vagas.portalemprego.com.br\/?p=6558","title":{"rendered":"Gerente de Loja &#8211; Barra da Tijuca &#8211; Comercial, Vendas &#8211; Rio de Janeiro"},"content":{"rendered":"<p>Luandre em parceria com empresa de grande porte no segmento de chocolates, com mais de 60 anos de mercado contrata profissional para atuar como Vendedor realizando as seguintes atividades:<\/p>\n<p>Atividades<br \/>\nSupervisionar as opera\u00e7\u00f5es di\u00e1rias da loja.<br \/>\nRecrutamento, sele\u00e7\u00e3o e treinamento de funcion\u00e1rios.<br \/>\nAvalia\u00e7\u00e3o de desempenho e desenvolvimento profissional da equipe.<br \/>\nCoordenar a equipe e programar hor\u00e1rios de trabalho.<br \/>\nResolver conflitos e garantir um ambiente de trabalho positivo.<br \/>\nMotivar e inspirar a equipe para alcan\u00e7ar metas de vendas e satisfa\u00e7\u00e3o do cliente.<br \/>\nAcompanhar o fechamento de caixa e o controle financeiro da loja.<br \/>\nMonitorar o estoque e o invent\u00e1rio, garantindo a reposi\u00e7\u00e3o de produtos.<br \/>\nGarantir que a loja esteja em conformidade com as leis e regulamentos.<br \/>\nPlanejar e implementar estrat\u00e9gias de vendas para aumentar as vendas e a rentabilidade da loja.<br \/>\nAnalisar dados de vendas e identificar tend\u00eancias de mercado.<br \/>\nAcompanhar o desempenho das vendas e tomar medidas corretivas quando necess\u00e1rio.<br \/>\nAtuar na linha de frente de atendimento a clientes quando necess\u00e1rio.<br \/>\nParticipar de reuni\u00f5es e treinamentos. <\/p>\n<p>Requisitos:<br \/>\nEnsino Superior completo;<br \/>\nViv\u00eancia anteriores com Ger\u00eancia de vendas no varejo;<br \/>\nViv\u00eancia em cafeteria ser\u00e1 um diferencial;<br \/>\nFacilidade de acesso ao  Rio Design Barra<\/p>\n<p>Benef\u00edcios:<br \/>\nSalario: R$ 4.186,00 + Comiss\u00e3o R$ 1.500,00<br \/>\nVale refei\u00e7\u00e3o (Por dia R$ 24,04)<br \/>\nVale Alimenta\u00e7\u00e3o ( R$ 105,00 m\u00eas)<br \/>\nVale transporte<br \/>\nPlano de Saude e Odontol\u00f3gico<br \/>\nDesconto em Produtos<br \/>\nApoio Psicol\u00f3gico, Financeiro e Juridico<br \/>\nSeguro de Vida<\/p>\n<p>Informa\u00e7\u00f5es adicionais:<br \/>\nContrato Efetivo;<\/p>\n<p>N\u00e3o esque\u00e7a de realizar seu cadastro no nosso portal: candidato.luandre.com.br\/cadastro<\/p>\n<ul>\n<li>Local de trabalho: Rio de Janeiro, RJ<\/li>\n<li>Regime de contrata\u00e7\u00e3o de tipo: Efetivo \u2013 CLT<\/li>\n<li>Jornada: Parcial tardes<\/li>\n<li>\u00c1rea e especializa\u00e7\u00e3o profissional: Comercial, Vendas &#8211; Lojas \/ Shopping<\/li>\n<li>N\u00edvel hier\u00e1rquico: Gerente<\/li>\n<\/ul>\n<p>VALORIZADO<\/p>\n<p>Tempo de experi\u00eancia: Entre 3 e 5 anos<\/p>\n<p>Escolaridade M\u00ednima: Ensino Superior<\/p>\n<p>Sal\u00e1rio: 4186,0<\/p>\n","protected":false},"excerpt":{"rendered":"<p>Luandre em parceria com empresa de grande porte no segmento de chocolates, com mais de 60 anos de mercado contrata profissional para atuar como Vendedor realizando as seguintes atividades: Atividades Supervisionar as opera\u00e7\u00f5es di\u00e1rias da loja. Recrutamento, sele\u00e7\u00e3o e treinamento de funcion\u00e1rios. Avalia\u00e7\u00e3o de desempenho e desenvolvimento profissional da equipe. Coordenar a equipe e programar [&hellip;]<\/p>\n","protected":false},"author":1,"featured_media":0,"comment_status":"open","ping_status":"open","sticky":false,"template":"","format":"standard","meta":{"footnotes":""},"categories":[21],"tags":[],"class_list":["post-6558","post","type-post","status-publish","format-standard","hentry","category-rio-de-janeiro-rj"],"_links":{"self":[{"href":"https:\/\/vagas.portalemprego.com.br\/index.php?rest_route=\/wp\/v2\/posts\/6558","targetHints":{"allow":["GET"]}}],"collection":[{"href":"https:\/\/vagas.portalemprego.com.br\/index.php?rest_route=\/wp\/v2\/posts"}],"about":[{"href":"https:\/\/vagas.portalemprego.com.br\/index.php?rest_route=\/wp\/v2\/types\/post"}],"author":[{"embeddable":true,"href":"https:\/\/vagas.portalemprego.com.br\/index.php?rest_route=\/wp\/v2\/users\/1"}],"replies":[{"embeddable":true,"href":"https:\/\/vagas.portalemprego.com.br\/index.php?rest_route=%2Fwp%2Fv2%2Fcomments&post=6558"}],"version-history":[{"count":0,"href":"https:\/\/vagas.portalemprego.com.br\/index.php?rest_route=\/wp\/v2\/posts\/6558\/revisions"}],"wp:attachment":[{"href":"https:\/\/vagas.portalemprego.com.br\/index.php?rest_route=%2Fwp%2Fv2%2Fmedia&parent=6558"}],"wp:term":[{"taxonomy":"category","embeddable":true,"href":"https:\/\/vagas.portalemprego.com.br\/index.php?rest_route=%2Fwp%2Fv2%2Fcategories&post=6558"},{"taxonomy":"post_tag","embeddable":true,"href":"https:\/\/vagas.portalemprego.com.br\/index.php?rest_route=%2Fwp%2Fv2%2Ftags&post=6558"}],"curies":[{"name":"wp","href":"https:\/\/api.w.org\/{rel}","templated":true}]}}