{"id":6567,"date":"2026-04-29T06:07:07","date_gmt":"2026-04-29T09:07:07","guid":{"rendered":"https:\/\/vagas.portalemprego.com.br\/?p=6567"},"modified":"2026-04-29T06:07:07","modified_gmt":"2026-04-29T09:07:07","slug":"vendedor-barra-e-recreio-comercial-vendas-rio-de-janeiro","status":"publish","type":"post","link":"https:\/\/vagas.portalemprego.com.br\/?p=6567","title":{"rendered":"Vendedor Barra e Recreio &#8211; Comercial, Vendas &#8211; Rio de Janeiro"},"content":{"rendered":"<p>Com atua\u00e7\u00e3o desde 2010 no setor de telecomunica\u00e7\u00f5es, estamos em busca de um Vendedor din\u00e2mico e comunicativo para integrar nosso time.<\/p>\n<p>*O que buscamos:*<br \/>\n-Experi\u00eancia comprovada em vendas;<br \/>\n-Facilidade para se comunicar e interagir com diferentes perfis de clientes;<br \/>\n-Habilidade em identificar necessidades, negociar e fechar neg\u00f3cios;<br \/>\n-Comprometimento com metas e foco em resultados;<br \/>\n-Desej\u00e1vel flu\u00eancia em mais de um idioma (diferencial).<\/p>\n<p>*Responsabilidades:*<br \/>\n-Atender e entender as necessidades dos clientes;<br \/>\n-Apresentar solu\u00e7\u00f5es personalizadas em servi\u00e7os de telecom;<br \/>\n-Negociar condi\u00e7\u00f5es e fechar vendas;<br \/>\n-Garantir a satisfa\u00e7\u00e3o e fideliza\u00e7\u00e3o do cliente;<br \/>\n-Trabalhar em equipe para alcan\u00e7ar os objetivos da empresa.<\/p>\n<p>*O que oferecemos:*<br \/>\n-Ambiente de trabalho colaborativo e focado em resultados;<br \/>\n-Oportunidade de crescimento profissional;<br \/>\n-Participa\u00e7\u00e3o em treinamentos e a\u00e7\u00f5es de capacita\u00e7\u00e3o.<br \/>\n-Se voc\u00ea gosta de se comunicar, tem paix\u00e3o por vendas e quer crescer com a gente, venha fazer parte da<\/p>\n<ul>\n<li>Local de trabalho: Rio de Janeiro, RJ<\/li>\n<li>Regime de contrata\u00e7\u00e3o de tipo: Efetivo \u2013 CLT<\/li>\n<li>Jornada: Per\u00edodo Integral<\/li>\n<li>\u00c1rea e especializa\u00e7\u00e3o profissional: Comercial, Vendas &#8211; Venda Externa<\/li>\n<li>N\u00edvel hier\u00e1rquico: Consultor<\/li>\n<\/ul>\n<p>HABILIDADES<\/p>\n<ul>\n<li>Boa conversa\u00e7\u00e3o<\/li>\n<li>Preferencialmente mais de um idioma<\/li>\n<li>Boa comunica\u00e7\u00e3o<\/li>\n<li>Experi\u00eancia com vendas<\/li>\n<\/ul>\n<p>Escolaridade M\u00ednima: Ensino M\u00e9dio (2\u00ba Grau)<\/p>\n<ul>\n<li>Oportunidade de crescimento<\/li>\n<li>Plano Dental<\/li>\n<li>Seguro de Vida<\/li>\n<li>Vale-transporte<\/li>\n<li>Alimenta\u00e7\u00e3o aos finais de semana<\/li>\n<li>Plano de sa\u00fade<\/li>\n<\/ul>\n<p>Sal\u00e1rio: 1600,0<\/p>\n","protected":false},"excerpt":{"rendered":"<p>Com atua\u00e7\u00e3o desde 2010 no setor de telecomunica\u00e7\u00f5es, estamos em busca de um Vendedor din\u00e2mico e comunicativo para integrar nosso time. *O que buscamos:* -Experi\u00eancia comprovada em vendas; -Facilidade para se comunicar e interagir com diferentes perfis de clientes; -Habilidade em identificar necessidades, negociar e fechar neg\u00f3cios; -Comprometimento com metas e foco em resultados; -Desej\u00e1vel [&hellip;]<\/p>\n","protected":false},"author":1,"featured_media":0,"comment_status":"open","ping_status":"open","sticky":false,"template":"","format":"standard","meta":{"footnotes":""},"categories":[21],"tags":[],"class_list":["post-6567","post","type-post","status-publish","format-standard","hentry","category-rio-de-janeiro-rj"],"_links":{"self":[{"href":"https:\/\/vagas.portalemprego.com.br\/index.php?rest_route=\/wp\/v2\/posts\/6567","targetHints":{"allow":["GET"]}}],"collection":[{"href":"https:\/\/vagas.portalemprego.com.br\/index.php?rest_route=\/wp\/v2\/posts"}],"about":[{"href":"https:\/\/vagas.portalemprego.com.br\/index.php?rest_route=\/wp\/v2\/types\/post"}],"author":[{"embeddable":true,"href":"https:\/\/vagas.portalemprego.com.br\/index.php?rest_route=\/wp\/v2\/users\/1"}],"replies":[{"embeddable":true,"href":"https:\/\/vagas.portalemprego.com.br\/index.php?rest_route=%2Fwp%2Fv2%2Fcomments&post=6567"}],"version-history":[{"count":0,"href":"https:\/\/vagas.portalemprego.com.br\/index.php?rest_route=\/wp\/v2\/posts\/6567\/revisions"}],"wp:attachment":[{"href":"https:\/\/vagas.portalemprego.com.br\/index.php?rest_route=%2Fwp%2Fv2%2Fmedia&parent=6567"}],"wp:term":[{"taxonomy":"category","embeddable":true,"href":"https:\/\/vagas.portalemprego.com.br\/index.php?rest_route=%2Fwp%2Fv2%2Fcategories&post=6567"},{"taxonomy":"post_tag","embeddable":true,"href":"https:\/\/vagas.portalemprego.com.br\/index.php?rest_route=%2Fwp%2Fv2%2Ftags&post=6567"}],"curies":[{"name":"wp","href":"https:\/\/api.w.org\/{rel}","templated":true}]}}