{"id":6572,"date":"2026-04-29T06:07:07","date_gmt":"2026-04-29T09:07:07","guid":{"rendered":"https:\/\/vagas.portalemprego.com.br\/?p=6572"},"modified":"2026-04-29T06:07:07","modified_gmt":"2026-04-29T09:07:07","slug":"assistente-de-marketing-marketing-rio-de-janeiro-3","status":"publish","type":"post","link":"https:\/\/vagas.portalemprego.com.br\/?p=6572","title":{"rendered":"Assistente de Marketing &#8211; Marketing &#8211; Rio de Janeiro"},"content":{"rendered":"<p>Estamos em busca de um Assistente de Marketing Digital para um de nossos Clientes.<br \/>\nEste \u00e9 um papel din\u00e2mico que ir\u00e1 contribuir para o crescimento e o sucesso de campanhas digitais.<br \/>\nO candidato ideal dever\u00e1 ter uma forte habilidade em an\u00e1lise de dados e uma compreens\u00e3o profunda das ferramentas digitais que utilizamos.<\/p>\n<p>Voc\u00ea ser\u00e1 respons\u00e1vel por analisar e interpretar dados de campanhas de marketing, utilizando ferramentas como Google Analytics e Looker Studio para fornecer insights valiosos que impulsionem nossas estrat\u00e9gias.<br \/>\nSuas habilidades em Chat GPT ser\u00e3o essenciais para a cria\u00e7\u00e3o de conte\u00fados otimizados e personalizados.<br \/>\nAl\u00e9m disso, voc\u00ea dever\u00e1 demonstrar uma expertise em Microsoft Excel e PPT para a cria\u00e7\u00e3o de relat\u00f3rios e apresenta\u00e7\u00f5es detalhadas.<\/p>\n<p>A posi\u00e7\u00e3o requer algu\u00e9m que n\u00e3o apenas analise dados, mas que tamb\u00e9m tenha a capacidade de traduzir esses insights em a\u00e7\u00f5es estrat\u00e9gicas que aprimorem a presen\u00e7a online.<br \/>\nA colabora\u00e7\u00e3o com outras equipes ser\u00e1 uma parte fundamental do seu trabalho, e voc\u00ea dever\u00e1 ser capaz de comunicar suas descobertas de forma clara e convincente.<\/p>\n<p>Se voc\u00ea \u00e9 um apaixonado por marketing digital e tem uma paix\u00e3o por an\u00e1lise de dados, esta \u00e9 uma oportunidade para voc\u00ea se destacar.<\/p>\n<p>A Talentos Consultoria valoriza diversidade e est\u00e1 comprometida em criar um ambiente de trabalho inclusivo para todos os funcion\u00e1rios.<\/p>\n<ul>\n<li>Local de trabalho: Rio de Janeiro, RJ<\/li>\n<li>Regime de contrata\u00e7\u00e3o de tipo: Efetivo \u2013 CLT<\/li>\n<li>Jornada: Per\u00edodo Integral<\/li>\n<li>\u00c1rea e especializa\u00e7\u00e3o profissional: Marketing &#8211; Intelig\u00eancia de Mercado \/ Estrat\u00e9gia<\/li>\n<li>N\u00edvel hier\u00e1rquico: Assistente<\/li>\n<\/ul>\n<p>VALORIZADO<\/p>\n<p>Tempo de experi\u00eancia: Entre 1 e 3 anos<\/p>\n<p>HABILIDADES<\/p>\n<ul>\n<li>ferramentas de an\u00e1lise de dados<\/li>\n<li>Looker Studio<\/li>\n<li>Google Analytics<\/li>\n<li>PPT<\/li>\n<li>Chat GPT<\/li>\n<li>Microsoft Excel<\/li>\n<\/ul>\n<p>Escolaridade M\u00ednima: Ensino M\u00e9dio (2\u00ba Grau)<\/p>\n<p>Forma\u00e7\u00e3o desejada:<\/p>\n<ul>\n<li>Marketing, Ensino Superior<\/li>\n<\/ul>\n<ul>\n<li>Vale-transporte<\/li>\n<li>Vale-refei\u00e7\u00e3o<\/li>\n<\/ul>\n<p>Sal\u00e1rio: 2440,0<\/p>\n","protected":false},"excerpt":{"rendered":"<p>Estamos em busca de um Assistente de Marketing Digital para um de nossos Clientes. Este \u00e9 um papel din\u00e2mico que ir\u00e1 contribuir para o crescimento e o sucesso de campanhas digitais. O candidato ideal dever\u00e1 ter uma forte habilidade em an\u00e1lise de dados e uma compreens\u00e3o profunda das ferramentas digitais que utilizamos. Voc\u00ea ser\u00e1 respons\u00e1vel [&hellip;]<\/p>\n","protected":false},"author":1,"featured_media":0,"comment_status":"open","ping_status":"open","sticky":false,"template":"","format":"standard","meta":{"footnotes":""},"categories":[21],"tags":[],"class_list":["post-6572","post","type-post","status-publish","format-standard","hentry","category-rio-de-janeiro-rj"],"_links":{"self":[{"href":"https:\/\/vagas.portalemprego.com.br\/index.php?rest_route=\/wp\/v2\/posts\/6572","targetHints":{"allow":["GET"]}}],"collection":[{"href":"https:\/\/vagas.portalemprego.com.br\/index.php?rest_route=\/wp\/v2\/posts"}],"about":[{"href":"https:\/\/vagas.portalemprego.com.br\/index.php?rest_route=\/wp\/v2\/types\/post"}],"author":[{"embeddable":true,"href":"https:\/\/vagas.portalemprego.com.br\/index.php?rest_route=\/wp\/v2\/users\/1"}],"replies":[{"embeddable":true,"href":"https:\/\/vagas.portalemprego.com.br\/index.php?rest_route=%2Fwp%2Fv2%2Fcomments&post=6572"}],"version-history":[{"count":0,"href":"https:\/\/vagas.portalemprego.com.br\/index.php?rest_route=\/wp\/v2\/posts\/6572\/revisions"}],"wp:attachment":[{"href":"https:\/\/vagas.portalemprego.com.br\/index.php?rest_route=%2Fwp%2Fv2%2Fmedia&parent=6572"}],"wp:term":[{"taxonomy":"category","embeddable":true,"href":"https:\/\/vagas.portalemprego.com.br\/index.php?rest_route=%2Fwp%2Fv2%2Fcategories&post=6572"},{"taxonomy":"post_tag","embeddable":true,"href":"https:\/\/vagas.portalemprego.com.br\/index.php?rest_route=%2Fwp%2Fv2%2Ftags&post=6572"}],"curies":[{"name":"wp","href":"https:\/\/api.w.org\/{rel}","templated":true}]}}