{"id":6576,"date":"2026-04-29T06:07:07","date_gmt":"2026-04-29T09:07:07","guid":{"rendered":"https:\/\/vagas.portalemprego.com.br\/?p=6576"},"modified":"2026-04-29T06:07:07","modified_gmt":"2026-04-29T09:07:07","slug":"auxiliar-administrativo-administracao-rio-de-janeiro-21","status":"publish","type":"post","link":"https:\/\/vagas.portalemprego.com.br\/?p=6576","title":{"rendered":"Auxiliar Administrativo &#8211; Administra\u00e7\u00e3o &#8211; Rio de Janeiro"},"content":{"rendered":"<p>Estamos em busca de um(a) Auxiliar Administrativo(a) comprometido(a), pontual e com boa disposi\u00e7\u00e3o para atuar em um de nossos clientes, do segmento de m\u00f3veis para \u00e1rea externa.<\/p>\n<p>Atividades:<\/p>\n<p>\u2022\tAtendimento ao cliente, arquitetos(as) e secret\u00e1rias(os);<br \/>\n\u2022\tEmiss\u00e3o de ordens de servi\u00e7o (OS) para o setor t\u00e9cnico;<br \/>\n\u2022\tApoio ao setor comercial e administrativo da loja;<br \/>\n\u2022\tContato com fornecedores e prestadores de servi\u00e7o;<br \/>\n\u2022\tEnvio e recebimento de e-mails;<br \/>\n\u2022\tAgendamento de manuten\u00e7\u00f5es preventivas;<br \/>\n\u2022\tCompras e emiss\u00e3o de ordens de compra (OC) para assist\u00eancia t\u00e9cnica;<br \/>\n\u2022\tConfer\u00eancia de pe\u00e7as referentes ao atendimento t\u00e9cnico.<\/p>\n<p>Requisitos:<\/p>\n<p>\u2022\tEnsino m\u00e9dio completo;<br \/>\n\u2022\tExperi\u00eancia anterior em rotinas administrativas;<br \/>\n\u2022\tConhecimento b\u00e1sico de inform\u00e1tica;<br \/>\n\u2022\tBoa comunica\u00e7\u00e3o e organiza\u00e7\u00e3o.<\/p>\n<ul>\n<li>Local de trabalho: Rio de Janeiro, RJ<\/li>\n<li>Regime de contrata\u00e7\u00e3o de tipo: Efetivo \u2013 CLT<\/li>\n<li>Jornada: Per\u00edodo Integral<\/li>\n<li>\u00c1rea e especializa\u00e7\u00e3o profissional: Administra\u00e7\u00e3o &#8211; Administra\u00e7\u00e3o Geral<\/li>\n<li>N\u00edvel hier\u00e1rquico: Auxiliar<\/li>\n<\/ul>\n<p>VALORIZADO<\/p>\n<p>Tempo de experi\u00eancia: Entre 3 e 5 anos<\/p>\n<p>Escolaridade M\u00ednima: Ensino Superior<\/p>\n<p>Forma\u00e7\u00e3o desejada:<\/p>\n<ul>\n<li>Administra\u00e7\u00e3o de empresas, Ensino Superior<\/li>\n<\/ul>\n<ul>\n<li>Vale-transporte<\/li>\n<li>Vale-refei\u00e7\u00e3o<\/li>\n<\/ul>\n<p>Sal\u00e1rio: 2000,0<\/p>\n","protected":false},"excerpt":{"rendered":"<p>Estamos em busca de um(a) Auxiliar Administrativo(a) comprometido(a), pontual e com boa disposi\u00e7\u00e3o para atuar em um de nossos clientes, do segmento de m\u00f3veis para \u00e1rea externa. Atividades: \u2022 Atendimento ao cliente, arquitetos(as) e secret\u00e1rias(os); \u2022 Emiss\u00e3o de ordens de servi\u00e7o (OS) para o setor t\u00e9cnico; \u2022 Apoio ao setor comercial e administrativo da loja; [&hellip;]<\/p>\n","protected":false},"author":1,"featured_media":0,"comment_status":"open","ping_status":"open","sticky":false,"template":"","format":"standard","meta":{"footnotes":""},"categories":[21],"tags":[],"class_list":["post-6576","post","type-post","status-publish","format-standard","hentry","category-rio-de-janeiro-rj"],"_links":{"self":[{"href":"https:\/\/vagas.portalemprego.com.br\/index.php?rest_route=\/wp\/v2\/posts\/6576","targetHints":{"allow":["GET"]}}],"collection":[{"href":"https:\/\/vagas.portalemprego.com.br\/index.php?rest_route=\/wp\/v2\/posts"}],"about":[{"href":"https:\/\/vagas.portalemprego.com.br\/index.php?rest_route=\/wp\/v2\/types\/post"}],"author":[{"embeddable":true,"href":"https:\/\/vagas.portalemprego.com.br\/index.php?rest_route=\/wp\/v2\/users\/1"}],"replies":[{"embeddable":true,"href":"https:\/\/vagas.portalemprego.com.br\/index.php?rest_route=%2Fwp%2Fv2%2Fcomments&post=6576"}],"version-history":[{"count":0,"href":"https:\/\/vagas.portalemprego.com.br\/index.php?rest_route=\/wp\/v2\/posts\/6576\/revisions"}],"wp:attachment":[{"href":"https:\/\/vagas.portalemprego.com.br\/index.php?rest_route=%2Fwp%2Fv2%2Fmedia&parent=6576"}],"wp:term":[{"taxonomy":"category","embeddable":true,"href":"https:\/\/vagas.portalemprego.com.br\/index.php?rest_route=%2Fwp%2Fv2%2Fcategories&post=6576"},{"taxonomy":"post_tag","embeddable":true,"href":"https:\/\/vagas.portalemprego.com.br\/index.php?rest_route=%2Fwp%2Fv2%2Ftags&post=6576"}],"curies":[{"name":"wp","href":"https:\/\/api.w.org\/{rel}","templated":true}]}}