{"id":6577,"date":"2026-04-29T06:07:07","date_gmt":"2026-04-29T09:07:07","guid":{"rendered":"https:\/\/vagas.portalemprego.com.br\/?p=6577"},"modified":"2026-04-29T06:07:07","modified_gmt":"2026-04-29T09:07:07","slug":"analista-de-logistica-logistica-duque-de-caxias-2","status":"publish","type":"post","link":"https:\/\/vagas.portalemprego.com.br\/?p=6577","title":{"rendered":"Analista de Logistica &#8211; Log\u00edstica &#8211; Duque de Caxias"},"content":{"rendered":"<p>Estamos em busca de um Analista de Log\u00edstica experiente para se juntar ao nosso time.<br \/>\nEste cargo \u00e9 fundamental para otimizar nossos processos log\u00edsticos e garantir a efici\u00eancia operacional.<br \/>\nO candidato ideal dever\u00e1 ter um profundo conhecimento em Pacote Office, com \u00eanfase em Excel avan\u00e7ado e Power BI para an\u00e1lise de dados e tomada de decis\u00f5es baseadas em dados.<\/p>\n<p>O Analista de Log\u00edstica ser\u00e1 respons\u00e1vel por analisar e otimizar processos log\u00edsticos, utilizando ferramentas avan\u00e7adas do Excel para criar relat\u00f3rios detalhados e modelos preditivos.<br \/>\nO profissional dever\u00e1 desenvolver e manter dashboards interativos no Power BI para monitorar m\u00e9tricas-chave e identificar \u00e1reas de melhoria.<br \/>\nAl\u00e9m disso, dever\u00e1 colaborar com diferentes departamentos para garantir a integra\u00e7\u00e3o e a efici\u00eancia log\u00edstica.<\/p>\n<p>Experi\u00eancia em log\u00edstica, com foco em an\u00e1lise de dados e melhoria de processos, \u00e9 essencial.<br \/>\nO candidato dever\u00e1 demonstrar habilidades anal\u00edticas agu\u00e7adas, capacidade de interpretar grandes volumes de dados e transformar informa\u00e7\u00f5es em insights acion\u00e1veis.<br \/>\nHabilidades de comunica\u00e7\u00e3o clara e colaborativa s\u00e3o fundamentais, visto que o profissional dever\u00e1 trabalhar em equipe e com diferentes departamentos para garantir a implementa\u00e7\u00e3o de melhorias.<\/p>\n<p>Se voc\u00ea \u00e9 um profissional dedicado, com habilidades avan\u00e7adas em Excel e Power BI, e tem um forte interesse em log\u00edstica, esta oportunidade \u00e9 para voc\u00ea.<br \/>\nJunte-se a n\u00f3s e fa\u00e7a uma diferen\u00e7a significativa na otimiza\u00e7\u00e3o dos nossos processos log\u00edsticos.<\/p>\n<ul>\n<li>Local de trabalho: Duque de Caxias, RJ<\/li>\n<li>Regime de contrata\u00e7\u00e3o de tipo: Efetivo \u2013 CLT<\/li>\n<li>Jornada: Per\u00edodo Integral<\/li>\n<li>\u00c1rea e especializa\u00e7\u00e3o profissional: Log\u00edstica &#8211; Log\u00edstica<\/li>\n<li>N\u00edvel hier\u00e1rquico: Analista<\/li>\n<\/ul>\n<p>VALORIZADO<\/p>\n<p>Tempo de experi\u00eancia: Entre 3 e 5 anos<\/p>\n<p>HABILIDADES<\/p>\n<ul>\n<li>Pacotte office &#8211; Excel avan\u00e7ado &#8211; Power BI<\/li>\n<\/ul>\n<p>Escolaridade M\u00ednima: Ensino M\u00e9dio (2\u00ba Grau)<\/p>\n<ul>\n<li>Vale transporte, vale alimenta\u00e7\u00e3o, cesta basica<\/li>\n<\/ul>\n<p>Sal\u00e1rio: 3100,0<\/p>\n","protected":false},"excerpt":{"rendered":"<p>Estamos em busca de um Analista de Log\u00edstica experiente para se juntar ao nosso time. Este cargo \u00e9 fundamental para otimizar nossos processos log\u00edsticos e garantir a efici\u00eancia operacional. O candidato ideal dever\u00e1 ter um profundo conhecimento em Pacote Office, com \u00eanfase em Excel avan\u00e7ado e Power BI para an\u00e1lise de dados e tomada de [&hellip;]<\/p>\n","protected":false},"author":1,"featured_media":0,"comment_status":"open","ping_status":"open","sticky":false,"template":"","format":"standard","meta":{"footnotes":""},"categories":[21],"tags":[],"class_list":["post-6577","post","type-post","status-publish","format-standard","hentry","category-rio-de-janeiro-rj"],"_links":{"self":[{"href":"https:\/\/vagas.portalemprego.com.br\/index.php?rest_route=\/wp\/v2\/posts\/6577","targetHints":{"allow":["GET"]}}],"collection":[{"href":"https:\/\/vagas.portalemprego.com.br\/index.php?rest_route=\/wp\/v2\/posts"}],"about":[{"href":"https:\/\/vagas.portalemprego.com.br\/index.php?rest_route=\/wp\/v2\/types\/post"}],"author":[{"embeddable":true,"href":"https:\/\/vagas.portalemprego.com.br\/index.php?rest_route=\/wp\/v2\/users\/1"}],"replies":[{"embeddable":true,"href":"https:\/\/vagas.portalemprego.com.br\/index.php?rest_route=%2Fwp%2Fv2%2Fcomments&post=6577"}],"version-history":[{"count":0,"href":"https:\/\/vagas.portalemprego.com.br\/index.php?rest_route=\/wp\/v2\/posts\/6577\/revisions"}],"wp:attachment":[{"href":"https:\/\/vagas.portalemprego.com.br\/index.php?rest_route=%2Fwp%2Fv2%2Fmedia&parent=6577"}],"wp:term":[{"taxonomy":"category","embeddable":true,"href":"https:\/\/vagas.portalemprego.com.br\/index.php?rest_route=%2Fwp%2Fv2%2Fcategories&post=6577"},{"taxonomy":"post_tag","embeddable":true,"href":"https:\/\/vagas.portalemprego.com.br\/index.php?rest_route=%2Fwp%2Fv2%2Ftags&post=6577"}],"curies":[{"name":"wp","href":"https:\/\/api.w.org\/{rel}","templated":true}]}}