{"id":6584,"date":"2026-04-29T06:08:08","date_gmt":"2026-04-29T09:08:08","guid":{"rendered":"https:\/\/vagas.portalemprego.com.br\/?p=6584"},"modified":"2026-04-29T06:08:08","modified_gmt":"2026-04-29T09:08:08","slug":"assistente-fiscal-contabil-financas-economia-rio-de-janeiro-7","status":"publish","type":"post","link":"https:\/\/vagas.portalemprego.com.br\/?p=6584","title":{"rendered":"Assistente Fiscal &#8211; Cont\u00e1bil, Finan\u00e7as, Economia &#8211; Rio de Janeiro"},"content":{"rendered":"<p>Contexto da vaga:<\/p>\n<p>&#8211; No CSC foi identificado possibilidade de melhorias no processo de recebimento fiscal, desenvolvendo uma centraliza\u00e7\u00e3o na tratativa de pend\u00eancias. Revisar o uso do sistema V360. A empresa trabalha com um alto volume de documentos mensais.<\/p>\n<p>Responsabilidades:<\/p>\n<p>&#8211; Atuar na central de notas, identificando e resolvendo pend\u00eancias fiscais;<br \/>\n&#8211; Fazer a tratativa de documentos com o cliente interno;<br \/>\n&#8211; Regularizar problemas apontados nas notas;<br \/>\n&#8211; Trabalhar com diferentes tipos de documentos: nota de servi\u00e7o, mercadoria, fatura, nota de d\u00e9bito etc.;<br \/>\n&#8211; Identificar a causa raiz das pend\u00eancias e resolv\u00ea-las dentro do CSC;<br \/>\n&#8211; Fazer a comunica\u00e7\u00e3o entre \u00e1reas internas e fornecedores;<br \/>\n&#8211; Utilizar a plataforma V360 e SAP para processar documentos;<br \/>\n&#8211; Agilizar a escritura\u00e7\u00e3o e pagamento dentro do prazo.<\/p>\n<p>Perfil desejado:<\/p>\n<p>&#8211; Conhecimento pr\u00e9vio em fiscal;<br \/>\n&#8211; Proatividade, iniciativa e capacidade de resolu\u00e7\u00e3o de problemas;<br \/>\n&#8211; Organiza\u00e7\u00e3o e boa comunica\u00e7\u00e3o;<br \/>\n&#8211; SAP \u00e9 fundamental;<br \/>\n&#8211; Preferencialmente cursando Ci\u00eancias Cont\u00e1beis;<br \/>\n&#8211; Capacidade de aprendizado r\u00e1pido;<br \/>\n&#8211; Perfil resolutivo para tratar problemas como diverg\u00eancias entre pedidos e notas, aus\u00eancia de FRS, pedidos n\u00e3o identificados, etc.<\/p>\n<ul>\n<li>Local de trabalho: Rio de Janeiro, RJ<\/li>\n<li>Regime de contrata\u00e7\u00e3o de tipo: Tempor\u00e1rio<\/li>\n<li>Jornada: Per\u00edodo Integral<\/li>\n<li>\u00c1rea e especializa\u00e7\u00e3o profissional: Cont\u00e1bil, Finan\u00e7as, Economia &#8211; Fiscal<\/li>\n<li>N\u00edvel hier\u00e1rquico: Assistente<\/li>\n<\/ul>\n<p>HABILIDADES<\/p>\n<ul>\n<li>Conhecimento no SAP<\/li>\n<li>Conhecimento em V360<\/li>\n<\/ul>\n<p>Escolaridade M\u00ednima: Ensino Superior<\/p>\n<p>Forma\u00e7\u00e3o desejada:<\/p>\n<ul>\n<li>Ci\u00eancias cont\u00e1beis, Ensino Superior<\/li>\n<li>Administra\u00e7\u00e3o de empresas, Ensino Superior<\/li>\n<\/ul>\n<ul>\n<li>Vale Refei\u00e7\u00e3o<\/li>\n<li>Vale Transporte<\/li>\n<li>Seguro de Vida<\/li>\n<li>Auxilio Medico<\/li>\n<li>Auxilio Odontologico<\/li>\n<\/ul>\n<p>Sal\u00e1rio: 2000,0<\/p>\n","protected":false},"excerpt":{"rendered":"<p>Contexto da vaga: &#8211; No CSC foi identificado possibilidade de melhorias no processo de recebimento fiscal, desenvolvendo uma centraliza\u00e7\u00e3o na tratativa de pend\u00eancias. Revisar o uso do sistema V360. A empresa trabalha com um alto volume de documentos mensais. Responsabilidades: &#8211; Atuar na central de notas, identificando e resolvendo pend\u00eancias fiscais; &#8211; Fazer a tratativa [&hellip;]<\/p>\n","protected":false},"author":1,"featured_media":0,"comment_status":"open","ping_status":"open","sticky":false,"template":"","format":"standard","meta":{"footnotes":""},"categories":[21],"tags":[],"class_list":["post-6584","post","type-post","status-publish","format-standard","hentry","category-rio-de-janeiro-rj"],"_links":{"self":[{"href":"https:\/\/vagas.portalemprego.com.br\/index.php?rest_route=\/wp\/v2\/posts\/6584","targetHints":{"allow":["GET"]}}],"collection":[{"href":"https:\/\/vagas.portalemprego.com.br\/index.php?rest_route=\/wp\/v2\/posts"}],"about":[{"href":"https:\/\/vagas.portalemprego.com.br\/index.php?rest_route=\/wp\/v2\/types\/post"}],"author":[{"embeddable":true,"href":"https:\/\/vagas.portalemprego.com.br\/index.php?rest_route=\/wp\/v2\/users\/1"}],"replies":[{"embeddable":true,"href":"https:\/\/vagas.portalemprego.com.br\/index.php?rest_route=%2Fwp%2Fv2%2Fcomments&post=6584"}],"version-history":[{"count":0,"href":"https:\/\/vagas.portalemprego.com.br\/index.php?rest_route=\/wp\/v2\/posts\/6584\/revisions"}],"wp:attachment":[{"href":"https:\/\/vagas.portalemprego.com.br\/index.php?rest_route=%2Fwp%2Fv2%2Fmedia&parent=6584"}],"wp:term":[{"taxonomy":"category","embeddable":true,"href":"https:\/\/vagas.portalemprego.com.br\/index.php?rest_route=%2Fwp%2Fv2%2Fcategories&post=6584"},{"taxonomy":"post_tag","embeddable":true,"href":"https:\/\/vagas.portalemprego.com.br\/index.php?rest_route=%2Fwp%2Fv2%2Ftags&post=6584"}],"curies":[{"name":"wp","href":"https:\/\/api.w.org\/{rel}","templated":true}]}}