{"id":6589,"date":"2026-04-29T06:08:08","date_gmt":"2026-04-29T09:08:08","guid":{"rendered":"https:\/\/vagas.portalemprego.com.br\/?p=6589"},"modified":"2026-04-29T06:08:08","modified_gmt":"2026-04-29T09:08:08","slug":"tecnica-o-antifraude-telecom-rio-de-janeiro-rj-informatica-ti-telecomunicacoes-rio-de-janeiro","status":"publish","type":"post","link":"https:\/\/vagas.portalemprego.com.br\/?p=6589","title":{"rendered":"T\u00e9cnica (o) antifraude &#8211; telecom &#8211; Rio de Janeiro &#8211; RJ &#8211; Inform\u00e1tica, TI, Telecomunica\u00e7\u00f5es &#8211; Rio de Janeiro"},"content":{"rendered":"<p>Fazemos parte de um dos maiores grupos de telecomunica\u00e7\u00f5es do mundo, dedicando-nos a oferecer a melhor experi\u00eancia em telefonia, internet e solu\u00e7\u00f5es digitais para milh\u00f5es de brasileiros. Buscamos criar um ambiente respeitoso e descontra\u00eddo que estimule o desenvolvimento dos colaboradores por meio de desafios e autonomia. Nosso prop\u00f3sito \u00e9 fazer o novo acontecer, por isso valorizamos a diversidade, acreditando que diferentes compet\u00eancias e perspectivas tornam a empresa mais humana e inovadora.<\/p>\n<p> Cargo: T\u00e9cnico ( a ) antifraude &#8211; Telecom <\/p>\n<p>Local de atua\u00e7\u00e3o: CENTRO &#8211; RJ<br \/>\nEscala de trabalho: segunda a sexta : 08h \u00e0s 17: 48h<\/p>\n<p>* T\u00e9cnico respons\u00e1vel por vistoriar rede interna de clientes e elabora\u00e7\u00e3o dos referidos laudos para \u00e1rea jur\u00eddica.<br \/>\n* An\u00e1lises sist\u00eamicas utilizando os sistemas da empresa;<br \/>\n* Aux\u00edlio aos colaboradores internos em sistemas;<br \/>\n * Auditorias nos contratos em nome da empresa efetuando retiradas f\u00edsicas e ou sist\u00eamicas;<br \/>\n * Elabora\u00e7\u00e3o de relat\u00f3rio fraudes, laudos, confec\u00e7\u00e3o de Registros Policiais nas Delegacias;<br \/>\n* Disponibilidades para pequenas viagens espor\u00e1dicas, (Regi\u00e3o dos lagos, podendo ir at\u00e9 Campos dos<br \/>\nGoytacazes);<br \/>\n*  Vistoria em campo de contratos e ou rede da empresa  com poss\u00edveis irregularidades e<br \/>\nefetuar suas devidas desconex\u00f5es seja em pr\u00e9dios ou nas redes externas;<\/p>\n<p> Requisitos:<br \/>\n&#8211; Carteira de Habilita\u00e7\u00e3o &#8211; CNH (Categoria B &#8211; Definitiva e regularizada)<br \/>\n&#8211; Ensino T\u00e9cnico ou Tecn\u00f3logo Completo (Eletr\u00f4nica, Mecatr\u00f4nica, El\u00e9trica, Mec\u00e2nica, Telecomunica\u00e7\u00f5es, Inform\u00e1tica, Redes, T\u00e9cnico de processamento de dados e Tecnologia da informa\u00e7\u00e3o) ou \u00e1reas afins<br \/>\n&#8211; Disponibilidade para trabalhar em campo e em altura;<br \/>\n&#8211; Disponibilidade para pequenas viagens; <\/p>\n<p>  Remunera\u00e7\u00e3o com pacote de benef\u00edcios:<br \/>\nSal\u00e1rio<br \/>\n-Vale refei\u00e7\u00e3o<br \/>\n-Assist\u00eancia M\u00e9dica Titular n\u00e3o paga mensalidade. Desconto por dependente.<br \/>\n-Conv\u00eanio Odontol\u00f3gico Bradesco Dental.<br \/>\n-Seguro de vida \u2013 MetLife<br \/>\n-Vale Transporte<br \/>\n-PPR de at\u00e9 3.6 sal\u00e1rios\/ ano<br \/>\n-Combo colaborador: Desconto de 30% na mensalidade dos servi\u00e7os.<br \/>\n-Previd\u00eancia privada<br \/>\n-Benef\u00edcio farm\u00e1cia<br \/>\n-Aux\u00edlio creche <\/p>\n<p>  Venha fazer parte!<\/p>\n<ul>\n<li>Local de trabalho: Rio de Janeiro, RJ<\/li>\n<li>Regime de contrata\u00e7\u00e3o de tipo: Efetivo \u2013 CLT<\/li>\n<li>Jornada: Per\u00edodo Integral<\/li>\n<li>\u00c1rea e especializa\u00e7\u00e3o profissional: Inform\u00e1tica, TI, Telecomunica\u00e7\u00f5es &#8211; Telecomunica\u00e7\u00f5es<\/li>\n<li>N\u00edvel hier\u00e1rquico: Operacional<\/li>\n<\/ul>\n<p>HABILIDADES<\/p>\n<ul>\n<li>Pro Atividade<\/li>\n<li>Trabalho em equipe<\/li>\n<li>Senso de Urg\u00eancia<\/li>\n<li>Capacidade anal\u00edtica e resolutiva<\/li>\n<li>Comunica\u00e7\u00e3o oral e escrita<\/li>\n<\/ul>\n<p>Escolaridade M\u00ednima: Curso T\u00e9cnico<\/p>\n<p>Habilita\u00e7\u00e3o para dirigir: B<\/p>\n<ul>\n<li>Conv\u00eanio Odontol\u00f3gico<\/li>\n<li>Seguro de vida<\/li>\n<li>Assist\u00eancia M\u00e9dica<\/li>\n<li>vale transporte<\/li>\n<li>Aux\u00edlio creche<\/li>\n<li>Benef\u00edcio farm\u00e1cia<\/li>\n<li>PPR<\/li>\n<li>Combo colaborador<\/li>\n<\/ul>\n","protected":false},"excerpt":{"rendered":"<p>Fazemos parte de um dos maiores grupos de telecomunica\u00e7\u00f5es do mundo, dedicando-nos a oferecer a melhor experi\u00eancia em telefonia, internet e solu\u00e7\u00f5es digitais para milh\u00f5es de brasileiros. Buscamos criar um ambiente respeitoso e descontra\u00eddo que estimule o desenvolvimento dos colaboradores por meio de desafios e autonomia. Nosso prop\u00f3sito \u00e9 fazer o novo acontecer, por isso [&hellip;]<\/p>\n","protected":false},"author":1,"featured_media":0,"comment_status":"open","ping_status":"open","sticky":false,"template":"","format":"standard","meta":{"footnotes":""},"categories":[21],"tags":[],"class_list":["post-6589","post","type-post","status-publish","format-standard","hentry","category-rio-de-janeiro-rj"],"_links":{"self":[{"href":"https:\/\/vagas.portalemprego.com.br\/index.php?rest_route=\/wp\/v2\/posts\/6589","targetHints":{"allow":["GET"]}}],"collection":[{"href":"https:\/\/vagas.portalemprego.com.br\/index.php?rest_route=\/wp\/v2\/posts"}],"about":[{"href":"https:\/\/vagas.portalemprego.com.br\/index.php?rest_route=\/wp\/v2\/types\/post"}],"author":[{"embeddable":true,"href":"https:\/\/vagas.portalemprego.com.br\/index.php?rest_route=\/wp\/v2\/users\/1"}],"replies":[{"embeddable":true,"href":"https:\/\/vagas.portalemprego.com.br\/index.php?rest_route=%2Fwp%2Fv2%2Fcomments&post=6589"}],"version-history":[{"count":0,"href":"https:\/\/vagas.portalemprego.com.br\/index.php?rest_route=\/wp\/v2\/posts\/6589\/revisions"}],"wp:attachment":[{"href":"https:\/\/vagas.portalemprego.com.br\/index.php?rest_route=%2Fwp%2Fv2%2Fmedia&parent=6589"}],"wp:term":[{"taxonomy":"category","embeddable":true,"href":"https:\/\/vagas.portalemprego.com.br\/index.php?rest_route=%2Fwp%2Fv2%2Fcategories&post=6589"},{"taxonomy":"post_tag","embeddable":true,"href":"https:\/\/vagas.portalemprego.com.br\/index.php?rest_route=%2Fwp%2Fv2%2Ftags&post=6589"}],"curies":[{"name":"wp","href":"https:\/\/api.w.org\/{rel}","templated":true}]}}