{"id":6592,"date":"2026-04-29T06:08:08","date_gmt":"2026-04-29T09:08:08","guid":{"rendered":"https:\/\/vagas.portalemprego.com.br\/?p=6592"},"modified":"2026-04-29T06:08:08","modified_gmt":"2026-04-29T09:08:08","slug":"mestre-de-cozinha-alimentacao-gastronomia-niteroi","status":"publish","type":"post","link":"https:\/\/vagas.portalemprego.com.br\/?p=6592","title":{"rendered":"Mestre de Cozinha &#8211; Alimenta\u00e7\u00e3o \/ Gastronomia &#8211; Niter\u00f3i"},"content":{"rendered":"<p>VENHA FAZER PARTE DO NOSSO TIME!<\/p>\n<p>Se voc\u00ea est\u00e1 em busca do seu primeiro emprego ou quer uma oportunidade para crescer profissionalmente, essa vaga pode ser perfeita para voc\u00ea! <\/p>\n<p>Estamos procurando pessoas dedicadas, com vontade de aprender e que curtam trabalhar em equipe. Aqui, voc\u00ea ter\u00e1 a chance de se desenvolver, construir uma carreira e fazer parte de um ambiente din\u00e2mico e acolhedor.<\/p>\n<p>O QUE VOC\u00ca VAI FAZER POR AQUI:<br \/>\n\u2022 Preparo de alimentos: Encarregado de preparar lanches, batatas fritas, empanamento do frango, seguindo os padr\u00f5es de qualidade e higiene estabelecidos;<br \/>\n\u2022 Limpeza: Manter a limpeza e a organiza\u00e7\u00e3o do local de trabalho, garantindo um ambiente higi\u00eanico e agrad\u00e1vel para os clientes e colegas de trabalho;<br \/>\n\u2022 Demais atividades: Voc\u00ea tamb\u00e9m realizar\u00e1 outras tarefas conforme necess\u00e1rio, que podem incluir organiza\u00e7\u00e3o de estoque, entre outros;<\/p>\n<p>PARA PARTICIPAR, VOC\u00ca PRECISA:<br \/>\n\u2022 Estar cursando ou j\u00e1 ter conclu\u00eddo o Ensino M\u00e9dio.<br \/>\n\u2022 Ter 18 anos ou mais.<br \/>\n\u2022 Vontade de aprender, trabalhar em equipe e crescer com a gente!<\/p>\n<p>QUAL SER\u00c1 SUA JORNADA DI\u00c1RIA?<br \/>\n\u2022 Escala 6&#215;1 | 7h20 trabalhadas por dia + 1 hora de intervalo;<\/p>\n<ul>\n<li>N\u00famero de vagas: 50<\/li>\n<li>Local de trabalho: Niter\u00f3i, RJ<\/li>\n<li>Regime de contrata\u00e7\u00e3o de tipo: Efetivo \u2013 CLT<\/li>\n<li>Jornada: Per\u00edodo Integral<\/li>\n<li>\u00c1rea e especializa\u00e7\u00e3o profissional: Alimenta\u00e7\u00e3o \/ Gastronomia &#8211; Lanchonete, Fast Food, Cafeteria<\/li>\n<li>N\u00edvel hier\u00e1rquico: Auxiliar<\/li>\n<\/ul>\n<p>VALORIZADO<\/p>\n<p>Tempo de experi\u00eancia: Sem experi\u00eancia<\/p>\n<p>Escolaridade M\u00ednima: Ensino M\u00e9dio (2\u00ba Grau)<\/p>\n<ul>\n<li>TotalPass (acesso a 1000 academias em todo o Brasil)<\/li>\n<li>Parcerias com institui\u00e7\u00f5es de ensino: descontos em faculdades, cursos tecn\u00f3logos e muito mais!<\/li>\n<li>Conv\u00eanio com farm\u00e1cias: descontos exclusivos nas Drogarias Pague Menos<\/li>\n<li>ZAMP Benef\u00edcios: descontos e cashback em diversas marcas<\/li>\n<li>Seguro de vida (desde o 1\u00ba dia)<\/li>\n<li>Assist\u00eancia odontol\u00f3gica<\/li>\n<li>B\u00f4nus por resultados (mensal e semestral)<\/li>\n<li>Plano de carreira para crescer dentro da empresa<\/li>\n<li>Refei\u00e7\u00e3o no local<\/li>\n<li>Assist\u00eancia m\u00e9dica<\/li>\n<li>Vale-transporte<\/li>\n<\/ul>\n<p>Sal\u00e1rio: 1884,19<\/p>\n","protected":false},"excerpt":{"rendered":"<p>VENHA FAZER PARTE DO NOSSO TIME! Se voc\u00ea est\u00e1 em busca do seu primeiro emprego ou quer uma oportunidade para crescer profissionalmente, essa vaga pode ser perfeita para voc\u00ea! Estamos procurando pessoas dedicadas, com vontade de aprender e que curtam trabalhar em equipe. Aqui, voc\u00ea ter\u00e1 a chance de se desenvolver, construir uma carreira e [&hellip;]<\/p>\n","protected":false},"author":1,"featured_media":0,"comment_status":"open","ping_status":"open","sticky":false,"template":"","format":"standard","meta":{"footnotes":""},"categories":[21],"tags":[],"class_list":["post-6592","post","type-post","status-publish","format-standard","hentry","category-rio-de-janeiro-rj"],"_links":{"self":[{"href":"https:\/\/vagas.portalemprego.com.br\/index.php?rest_route=\/wp\/v2\/posts\/6592","targetHints":{"allow":["GET"]}}],"collection":[{"href":"https:\/\/vagas.portalemprego.com.br\/index.php?rest_route=\/wp\/v2\/posts"}],"about":[{"href":"https:\/\/vagas.portalemprego.com.br\/index.php?rest_route=\/wp\/v2\/types\/post"}],"author":[{"embeddable":true,"href":"https:\/\/vagas.portalemprego.com.br\/index.php?rest_route=\/wp\/v2\/users\/1"}],"replies":[{"embeddable":true,"href":"https:\/\/vagas.portalemprego.com.br\/index.php?rest_route=%2Fwp%2Fv2%2Fcomments&post=6592"}],"version-history":[{"count":0,"href":"https:\/\/vagas.portalemprego.com.br\/index.php?rest_route=\/wp\/v2\/posts\/6592\/revisions"}],"wp:attachment":[{"href":"https:\/\/vagas.portalemprego.com.br\/index.php?rest_route=%2Fwp%2Fv2%2Fmedia&parent=6592"}],"wp:term":[{"taxonomy":"category","embeddable":true,"href":"https:\/\/vagas.portalemprego.com.br\/index.php?rest_route=%2Fwp%2Fv2%2Fcategories&post=6592"},{"taxonomy":"post_tag","embeddable":true,"href":"https:\/\/vagas.portalemprego.com.br\/index.php?rest_route=%2Fwp%2Fv2%2Ftags&post=6592"}],"curies":[{"name":"wp","href":"https:\/\/api.w.org\/{rel}","templated":true}]}}