{"id":6594,"date":"2026-04-29T06:08:08","date_gmt":"2026-04-29T09:08:08","guid":{"rendered":"https:\/\/vagas.portalemprego.com.br\/?p=6594"},"modified":"2026-04-29T06:08:08","modified_gmt":"2026-04-29T09:08:08","slug":"assistente-comercial-junior-comercial-vendas-rio-de-janeiro-2","status":"publish","type":"post","link":"https:\/\/vagas.portalemprego.com.br\/?p=6594","title":{"rendered":"Assistente Comercial J\u00fanior &#8211; Comercial, Vendas &#8211; Rio de Janeiro"},"content":{"rendered":"<p>Vaga: Assistente Comercial<br \/>\n\u00c1rea de atua\u00e7\u00e3o: Recrutamento e Sele\u00e7\u00e3o<br \/>\nDescri\u00e7\u00e3o da vaga:<br \/>\nSomos uma consultoria especializada em Recursos Humanos, focada no recrutamento e sele\u00e7\u00e3o de talentos para o setor de restaurantes e bares. Buscamos um Representante Comercial proativo, din\u00e2mico e com experi\u00eancia na \u00e1rea de vendas para se juntar \u00e0 nossa equipe e expandir nossos servi\u00e7os.<\/p>\n<p>Responsabilidades:<br \/>\nProspectar novos clientes no segmento de restaurantes, bares e estabelecimentos do setor de alimenta\u00e7\u00e3o.<br \/>\nApresentar e vender os servi\u00e7os de recrutamento e sele\u00e7\u00e3o, destacando nossos diferenciais e solu\u00e7\u00f5es personalizadas.<br \/>\nManter e fortalecer relacionamentos com clientes, garantindo sua satisfa\u00e7\u00e3o e fideliza\u00e7\u00e3o.<br \/>\nGerenciar e atualizar o pipeline de vendas, reportando resultados para a lideran\u00e7a.<br \/>\nNegociar contratos e fechar parcerias com clientes de diferentes portes e necessidades.<\/p>\n<p>Habilidade de comunica\u00e7\u00e3o e negocia\u00e7\u00e3o.<\/p>\n<p>O que oferecemos: R$2.500 (pretens\u00e3o salarial) + Comiss\u00e3o<br \/>\nComiss\u00e3o atrativa e possibilidade de crescimento.<br \/>\nTreinamento completo sobre os nossos servi\u00e7os e o mercado.<br \/>\nFlexibilidade de hor\u00e1rio e modelo de trabalho remoto.<br \/>\nAmbiente de trabalho colaborativo e inovador.<br \/>\nLocal: Botafogo (H\u00edbrido)<br \/>\nSegunda a sexta (hor\u00e1rio comercial)<\/p>\n<ul>\n<li>Local de trabalho: Rio de Janeiro, RJ<\/li>\n<li>Regime de contrata\u00e7\u00e3o de tipo: Efetivo \u2013 CLT<\/li>\n<li>Jornada: Per\u00edodo Integral<\/li>\n<li>\u00c1rea e especializa\u00e7\u00e3o profissional: Comercial, Vendas &#8211; Venda Externa<\/li>\n<li>N\u00edvel hier\u00e1rquico: Assistente<\/li>\n<\/ul>\n<p>VALORIZADO<\/p>\n<p>Tempo de experi\u00eancia: Entre 1 e 3 anos<\/p>\n<p>Escolaridade M\u00ednima: Ensino M\u00e9dio (2\u00ba Grau)<\/p>\n","protected":false},"excerpt":{"rendered":"<p>Vaga: Assistente Comercial \u00c1rea de atua\u00e7\u00e3o: Recrutamento e Sele\u00e7\u00e3o Descri\u00e7\u00e3o da vaga: Somos uma consultoria especializada em Recursos Humanos, focada no recrutamento e sele\u00e7\u00e3o de talentos para o setor de restaurantes e bares. Buscamos um Representante Comercial proativo, din\u00e2mico e com experi\u00eancia na \u00e1rea de vendas para se juntar \u00e0 nossa equipe e expandir nossos [&hellip;]<\/p>\n","protected":false},"author":1,"featured_media":0,"comment_status":"open","ping_status":"open","sticky":false,"template":"","format":"standard","meta":{"footnotes":""},"categories":[21],"tags":[],"class_list":["post-6594","post","type-post","status-publish","format-standard","hentry","category-rio-de-janeiro-rj"],"_links":{"self":[{"href":"https:\/\/vagas.portalemprego.com.br\/index.php?rest_route=\/wp\/v2\/posts\/6594","targetHints":{"allow":["GET"]}}],"collection":[{"href":"https:\/\/vagas.portalemprego.com.br\/index.php?rest_route=\/wp\/v2\/posts"}],"about":[{"href":"https:\/\/vagas.portalemprego.com.br\/index.php?rest_route=\/wp\/v2\/types\/post"}],"author":[{"embeddable":true,"href":"https:\/\/vagas.portalemprego.com.br\/index.php?rest_route=\/wp\/v2\/users\/1"}],"replies":[{"embeddable":true,"href":"https:\/\/vagas.portalemprego.com.br\/index.php?rest_route=%2Fwp%2Fv2%2Fcomments&post=6594"}],"version-history":[{"count":0,"href":"https:\/\/vagas.portalemprego.com.br\/index.php?rest_route=\/wp\/v2\/posts\/6594\/revisions"}],"wp:attachment":[{"href":"https:\/\/vagas.portalemprego.com.br\/index.php?rest_route=%2Fwp%2Fv2%2Fmedia&parent=6594"}],"wp:term":[{"taxonomy":"category","embeddable":true,"href":"https:\/\/vagas.portalemprego.com.br\/index.php?rest_route=%2Fwp%2Fv2%2Fcategories&post=6594"},{"taxonomy":"post_tag","embeddable":true,"href":"https:\/\/vagas.portalemprego.com.br\/index.php?rest_route=%2Fwp%2Fv2%2Ftags&post=6594"}],"curies":[{"name":"wp","href":"https:\/\/api.w.org\/{rel}","templated":true}]}}