{"id":6598,"date":"2026-04-29T06:08:08","date_gmt":"2026-04-29T09:08:08","guid":{"rendered":"https:\/\/vagas.portalemprego.com.br\/?p=6598"},"modified":"2026-04-29T06:08:08","modified_gmt":"2026-04-29T09:08:08","slug":"oficial-de-manutencao-predial-noturno-construcao-manutencao-queimados","status":"publish","type":"post","link":"https:\/\/vagas.portalemprego.com.br\/?p=6598","title":{"rendered":"Oficial de Manuten\u00e7\u00e3o Predial Noturno &#8211; Constru\u00e7\u00e3o, Manuten\u00e7\u00e3o &#8211; Queimados"},"content":{"rendered":"<p>Sobre a empresa:<br \/>\nO Grupo GPS, com mais de 60 anos de experi\u00eancia, busca profissionais que compartilhem do nosso Esp\u00edrito de Servir. Atuamos em diversas \u00e1reas, incluindo Facilities, Seguran\u00e7a, Log\u00edstica, Engenharia de Utilidades, Servi\u00e7os Industriais, Alimenta\u00e7\u00e3o e Infraestrutura.<br \/>\nVenha fazer parte de uma equipe que valoriza a excel\u00eancia e a inova\u00e7\u00e3o!<\/p>\n<p>Estamos em busca de um OFICIAL DE MANUTENCAO PREDIAL .<br \/>\n para se juntar \u00e0 nossa equipe. <\/p>\n<p>Vaga aberta para todas as pessoas. Valorizamos a diversidade e a inclus\u00e3o em nosso time!<\/p>\n<p>Descri\u00e7\u00e3o da Vaga:<br \/>\n&#8211; Regi\u00e3o Rod. Presidente Dutra 25551, Nova Igua\u00e7u &#8211; Maps<br \/>\n&#8211; Sal\u00e1rio:R$ 2272.71 + 30% de PERI R$2.954,00<br \/>\nEscala:SEG A SEXTA E SABADO ALTERNADO DAS 04H30 AS 13H30 <\/p>\n<p>Benef\u00edcios:<br \/>\n&#8211; Vale alimenta\u00e7\u00e3o: 163.83<br \/>\n&#8211; Vale Refei\u00e7\u00e3o: 19.30<br \/>\n&#8211; Vale transporte<br \/>\n&#8211; Assist\u00eancia  m\u00e9dica e odontol\u00f3gica<\/p>\n<p>Requisitos :<br \/>\n* Experi\u00eancias anteriores nas rotinas de manuten\u00e7\u00e3o<\/p>\n<p>Como se Candidatar:<br \/>\nCaso tenha interesse favor enviar seu curr\u00edculo, para agendarmos uma entrevista.<\/p>\n<p>COD DA VAGA 791295<\/p>\n<ul>\n<li>Local de trabalho: Queimados, RJ<\/li>\n<li>Regime de contrata\u00e7\u00e3o de tipo: Efetivo \u2013 CLT<\/li>\n<li>Jornada: Parcial manh\u00e3s<\/li>\n<li>\u00c1rea e especializa\u00e7\u00e3o profissional: Constru\u00e7\u00e3o, Manuten\u00e7\u00e3o &#8211; Manuten\u00e7\u00e3o e Instala\u00e7\u00f5es<\/li>\n<li>N\u00edvel hier\u00e1rquico: Assistente<\/li>\n<\/ul>\n<p>VALORIZADO<\/p>\n<p>Tempo de experi\u00eancia: Entre 3 e 5 anos<\/p>\n<p>Escolaridade M\u00ednima: Curso extra-curricular \/ Profissionalizante<\/p>\n<ul>\n<li>Assist\u00eancia odontol\u00f3gica<\/li>\n<li>Assist\u00eancia m\u00e9dica<\/li>\n<li>Vale transporte<\/li>\n<li>Vale refei\u00e7\u00e3o<\/li>\n<li>Vale alimenta\u00e7\u00e3o<\/li>\n<\/ul>\n<p>Sal\u00e1rio: 2954,52<\/p>\n","protected":false},"excerpt":{"rendered":"<p>Sobre a empresa: O Grupo GPS, com mais de 60 anos de experi\u00eancia, busca profissionais que compartilhem do nosso Esp\u00edrito de Servir. Atuamos em diversas \u00e1reas, incluindo Facilities, Seguran\u00e7a, Log\u00edstica, Engenharia de Utilidades, Servi\u00e7os Industriais, Alimenta\u00e7\u00e3o e Infraestrutura. Venha fazer parte de uma equipe que valoriza a excel\u00eancia e a inova\u00e7\u00e3o! Estamos em busca de [&hellip;]<\/p>\n","protected":false},"author":1,"featured_media":0,"comment_status":"open","ping_status":"open","sticky":false,"template":"","format":"standard","meta":{"footnotes":""},"categories":[21],"tags":[],"class_list":["post-6598","post","type-post","status-publish","format-standard","hentry","category-rio-de-janeiro-rj"],"_links":{"self":[{"href":"https:\/\/vagas.portalemprego.com.br\/index.php?rest_route=\/wp\/v2\/posts\/6598","targetHints":{"allow":["GET"]}}],"collection":[{"href":"https:\/\/vagas.portalemprego.com.br\/index.php?rest_route=\/wp\/v2\/posts"}],"about":[{"href":"https:\/\/vagas.portalemprego.com.br\/index.php?rest_route=\/wp\/v2\/types\/post"}],"author":[{"embeddable":true,"href":"https:\/\/vagas.portalemprego.com.br\/index.php?rest_route=\/wp\/v2\/users\/1"}],"replies":[{"embeddable":true,"href":"https:\/\/vagas.portalemprego.com.br\/index.php?rest_route=%2Fwp%2Fv2%2Fcomments&post=6598"}],"version-history":[{"count":0,"href":"https:\/\/vagas.portalemprego.com.br\/index.php?rest_route=\/wp\/v2\/posts\/6598\/revisions"}],"wp:attachment":[{"href":"https:\/\/vagas.portalemprego.com.br\/index.php?rest_route=%2Fwp%2Fv2%2Fmedia&parent=6598"}],"wp:term":[{"taxonomy":"category","embeddable":true,"href":"https:\/\/vagas.portalemprego.com.br\/index.php?rest_route=%2Fwp%2Fv2%2Fcategories&post=6598"},{"taxonomy":"post_tag","embeddable":true,"href":"https:\/\/vagas.portalemprego.com.br\/index.php?rest_route=%2Fwp%2Fv2%2Ftags&post=6598"}],"curies":[{"name":"wp","href":"https:\/\/api.w.org\/{rel}","templated":true}]}}