{"id":6604,"date":"2026-04-29T06:09:09","date_gmt":"2026-04-29T09:09:09","guid":{"rendered":"https:\/\/vagas.portalemprego.com.br\/?p=6604"},"modified":"2026-04-29T06:09:09","modified_gmt":"2026-04-29T09:09:09","slug":"auxiliar-de-patio-logistica-rio-de-janeiro","status":"publish","type":"post","link":"https:\/\/vagas.portalemprego.com.br\/?p=6604","title":{"rendered":"Auxiliar de P\u00e1tio &#8211; Log\u00edstica &#8211; Rio de Janeiro"},"content":{"rendered":"<p>**Vagas Abertas: Auxiliar de P\u00e1tio**<\/p>\n<p>Estamos em busca de talentos para se juntarem \u00e0 nossa equipe como Auxiliar de P\u00e1tio.<br \/>\nEste cargo \u00e9 fundamental para garantir a efici\u00eancia e organiza\u00e7\u00e3o do nosso espa\u00e7o de opera\u00e7\u00f5es.<br \/>\nO candidato selecionado ser\u00e1 respons\u00e1vel por auxiliar na movimenta\u00e7\u00e3o de cargas, manuten\u00e7\u00e3o do p\u00e1tio e suporte ao pessoal de log\u00edstica.<\/p>\n<p>Voc\u00ea ser\u00e1 parte de um ambiente din\u00e2mico e colaborativo, onde sua dedica\u00e7\u00e3o e aten\u00e7\u00e3o aos detalhes s\u00e3o valorizadas.<br \/>\nO trabalho exige comprometimento e uma mentalidade orientada para resultados.<br \/>\nSe voc\u00ea tem experi\u00eancia em log\u00edstica, organiza\u00e7\u00e3o e trabalho em equipe, esta \u00e9 uma oportunidade para voc\u00ea demonstrar suas habilidades.<\/p>\n<p>Entre as principais responsabilidades, voc\u00ea ir\u00e1:<\/p>\n<p>&#8211; Auxiliar na organiza\u00e7\u00e3o e manuten\u00e7\u00e3o do p\u00e1tio;<br \/>\n&#8211; Realizar a movimenta\u00e7\u00e3o de cargas, utilizando equipamentos de manuseio;<br \/>\n&#8211; Apoiar na documenta\u00e7\u00e3o e controle de entrada e sa\u00edda de mercadorias;<br \/>\n&#8211; Colaborar com o time de log\u00edstica para garantir a efici\u00eancia das opera\u00e7\u00f5es;<br \/>\n&#8211; Realizar limpeza e organiza\u00e7\u00e3o do espa\u00e7o de trabalho.<\/p>\n<p>Requisitos b\u00e1sicos:<\/p>\n<p>&#8211; Experi\u00eancia anterior em log\u00edstica ou \u00e1reas similares \u00e9 um diferencial;<br \/>\n&#8211; Conhecimento em manuseio de cargas;<br \/>\n&#8211; Boa comunica\u00e7\u00e3o e habilidades de trabalho em equipe;<br \/>\n&#8211; Disponibilidade para trabalhar em turnos, incluindo finais de semana e feriados.<\/p>\n<p>Oferecemos um ambiente de trabalho acolhedor e oportunidades de crescimento profissional.<br \/>\nSe voc\u00ea est\u00e1 pronto para se juntar a uma equipe dedicada e fazer a diferen\u00e7a, esta \u00e9 a oportunidade perfeita para voc\u00ea.<\/p>\n<p>A Talentos Consultoria valoriza a diversidade e est\u00e1 comprometida com a igualdade de oportunidades.<br \/>\nTodos os candidatos qualificados ser\u00e3o considerados para esta posi\u00e7\u00e3o.<\/p>\n<p>Junte-se a n\u00f3s e contribua para o sucesso da nossa empresa!<\/p>\n<ul>\n<li>Local de trabalho: Rio de Janeiro, RJ<\/li>\n<li>Regime de contrata\u00e7\u00e3o de tipo: Tempor\u00e1rio<\/li>\n<li>Jornada: Per\u00edodo Integral<\/li>\n<li>\u00c1rea e especializa\u00e7\u00e3o profissional: Log\u00edstica &#8211; Log\u00edstica<\/li>\n<li>N\u00edvel hier\u00e1rquico: Auxiliar<\/li>\n<\/ul>\n<p>Escolaridade M\u00ednima: Ensino M\u00e9dio (2\u00ba Grau)<\/p>\n","protected":false},"excerpt":{"rendered":"<p>**Vagas Abertas: Auxiliar de P\u00e1tio** Estamos em busca de talentos para se juntarem \u00e0 nossa equipe como Auxiliar de P\u00e1tio. Este cargo \u00e9 fundamental para garantir a efici\u00eancia e organiza\u00e7\u00e3o do nosso espa\u00e7o de opera\u00e7\u00f5es. O candidato selecionado ser\u00e1 respons\u00e1vel por auxiliar na movimenta\u00e7\u00e3o de cargas, manuten\u00e7\u00e3o do p\u00e1tio e suporte ao pessoal de log\u00edstica. [&hellip;]<\/p>\n","protected":false},"author":1,"featured_media":0,"comment_status":"open","ping_status":"open","sticky":false,"template":"","format":"standard","meta":{"footnotes":""},"categories":[21],"tags":[],"class_list":["post-6604","post","type-post","status-publish","format-standard","hentry","category-rio-de-janeiro-rj"],"_links":{"self":[{"href":"https:\/\/vagas.portalemprego.com.br\/index.php?rest_route=\/wp\/v2\/posts\/6604","targetHints":{"allow":["GET"]}}],"collection":[{"href":"https:\/\/vagas.portalemprego.com.br\/index.php?rest_route=\/wp\/v2\/posts"}],"about":[{"href":"https:\/\/vagas.portalemprego.com.br\/index.php?rest_route=\/wp\/v2\/types\/post"}],"author":[{"embeddable":true,"href":"https:\/\/vagas.portalemprego.com.br\/index.php?rest_route=\/wp\/v2\/users\/1"}],"replies":[{"embeddable":true,"href":"https:\/\/vagas.portalemprego.com.br\/index.php?rest_route=%2Fwp%2Fv2%2Fcomments&post=6604"}],"version-history":[{"count":0,"href":"https:\/\/vagas.portalemprego.com.br\/index.php?rest_route=\/wp\/v2\/posts\/6604\/revisions"}],"wp:attachment":[{"href":"https:\/\/vagas.portalemprego.com.br\/index.php?rest_route=%2Fwp%2Fv2%2Fmedia&parent=6604"}],"wp:term":[{"taxonomy":"category","embeddable":true,"href":"https:\/\/vagas.portalemprego.com.br\/index.php?rest_route=%2Fwp%2Fv2%2Fcategories&post=6604"},{"taxonomy":"post_tag","embeddable":true,"href":"https:\/\/vagas.portalemprego.com.br\/index.php?rest_route=%2Fwp%2Fv2%2Ftags&post=6604"}],"curies":[{"name":"wp","href":"https:\/\/api.w.org\/{rel}","templated":true}]}}