{"id":6606,"date":"2026-04-29T06:09:09","date_gmt":"2026-04-29T09:09:09","guid":{"rendered":"https:\/\/vagas.portalemprego.com.br\/?p=6606"},"modified":"2026-04-29T06:09:09","modified_gmt":"2026-04-29T09:09:09","slug":"operador-de-pereciveis-comercial-vendas-rio-de-janeiro-2","status":"publish","type":"post","link":"https:\/\/vagas.portalemprego.com.br\/?p=6606","title":{"rendered":"OPERADOR DE PEREC\u00cdVEIS &#8211; Comercial, Vendas &#8211; Rio de Janeiro"},"content":{"rendered":"<p>Atividades: Pr\u00e9-Embalar, etiquetar e repor mercadorias nos expositores e balc\u00f5es frigorificados. Manuseio e fracionamento de produtos observando o prazo de validade. Ex: A validade do produto fracionado \u00e9 reduzida conforme manual de procedimentos para manuseios de perec\u00edveis. Verificar as validades dos produtos. Acompanhar rupturas de mercadorias. Invent\u00e1rios. Suporte a outras \u00e1reas da loja. Atendimento ao cliente. Limpeza<\/p>\n<p>&#8211; Necess\u00e1rio Ensino M\u00e9dio Completo com certificado;<br \/>\n&#8211; Desej\u00e1vel conhecimento com rotinas operacionais;<br \/>\n&#8211; Disponibilidade para atuar em escala 6&#215;1.<\/p>\n<p>?? Cargo: Operador de Perec\u00edveis<br \/>\n?? Sal\u00e1rio:  a partir de R$ 1530,00<br \/>\n?? Benef\u00edcios: VT + Refei\u00e7\u00e3o no local<br \/>\nEscala: 6&#215;1 &#8211; fechamento de loja 14h \u00e1s 22:20<br \/>\n?? Tipo de contrato: 30 dias (Tempor\u00e1rio com grandes chances de efetiva\u00e7\u00e3o)<br \/>\n?? Endere\u00e7o:<br \/>\nRecreio &#8211; Av. das Am\u00e9ricas, 16100 &#8211; Recreio dos Bandeirantes, Rio de Janeiro &#8211; RJ, 22790-704<\/p>\n<ul>\n<li>N\u00famero de vagas: 5<\/li>\n<li>Local de trabalho: Rio de Janeiro, RJ<\/li>\n<li>Regime de contrata\u00e7\u00e3o de tipo: Tempor\u00e1rio<\/li>\n<li>Jornada: Parcial noites<\/li>\n<li>\u00c1rea e especializa\u00e7\u00e3o profissional: Comercial, Vendas &#8211; Atendimento<\/li>\n<li>N\u00edvel hier\u00e1rquico: Operacional<\/li>\n<\/ul>\n<p>VALORIZADO<\/p>\n<p>Tempo de experi\u00eancia: Sem experi\u00eancia<\/p>\n<p>Escolaridade M\u00ednima: Ensino M\u00e9dio (2\u00ba Grau)<\/p>\n<p>Forma\u00e7\u00e3o desejada:<\/p>\n<ul>\n<li>Ensino M\u00e9dio (2\u00ba Grau)<\/li>\n<\/ul>\n<ul>\n<li>Refeit\u00f3rio no local<\/li>\n<li>Vale transporte<\/li>\n<\/ul>\n<p>Sal\u00e1rio: 1530,0<\/p>\n","protected":false},"excerpt":{"rendered":"<p>Atividades: Pr\u00e9-Embalar, etiquetar e repor mercadorias nos expositores e balc\u00f5es frigorificados. Manuseio e fracionamento de produtos observando o prazo de validade. Ex: A validade do produto fracionado \u00e9 reduzida conforme manual de procedimentos para manuseios de perec\u00edveis. Verificar as validades dos produtos. Acompanhar rupturas de mercadorias. Invent\u00e1rios. Suporte a outras \u00e1reas da loja. Atendimento ao [&hellip;]<\/p>\n","protected":false},"author":1,"featured_media":0,"comment_status":"open","ping_status":"open","sticky":false,"template":"","format":"standard","meta":{"footnotes":""},"categories":[21],"tags":[],"class_list":["post-6606","post","type-post","status-publish","format-standard","hentry","category-rio-de-janeiro-rj"],"_links":{"self":[{"href":"https:\/\/vagas.portalemprego.com.br\/index.php?rest_route=\/wp\/v2\/posts\/6606","targetHints":{"allow":["GET"]}}],"collection":[{"href":"https:\/\/vagas.portalemprego.com.br\/index.php?rest_route=\/wp\/v2\/posts"}],"about":[{"href":"https:\/\/vagas.portalemprego.com.br\/index.php?rest_route=\/wp\/v2\/types\/post"}],"author":[{"embeddable":true,"href":"https:\/\/vagas.portalemprego.com.br\/index.php?rest_route=\/wp\/v2\/users\/1"}],"replies":[{"embeddable":true,"href":"https:\/\/vagas.portalemprego.com.br\/index.php?rest_route=%2Fwp%2Fv2%2Fcomments&post=6606"}],"version-history":[{"count":0,"href":"https:\/\/vagas.portalemprego.com.br\/index.php?rest_route=\/wp\/v2\/posts\/6606\/revisions"}],"wp:attachment":[{"href":"https:\/\/vagas.portalemprego.com.br\/index.php?rest_route=%2Fwp%2Fv2%2Fmedia&parent=6606"}],"wp:term":[{"taxonomy":"category","embeddable":true,"href":"https:\/\/vagas.portalemprego.com.br\/index.php?rest_route=%2Fwp%2Fv2%2Fcategories&post=6606"},{"taxonomy":"post_tag","embeddable":true,"href":"https:\/\/vagas.portalemprego.com.br\/index.php?rest_route=%2Fwp%2Fv2%2Ftags&post=6606"}],"curies":[{"name":"wp","href":"https:\/\/api.w.org\/{rel}","templated":true}]}}