{"id":6607,"date":"2026-04-29T06:09:09","date_gmt":"2026-04-29T09:09:09","guid":{"rendered":"https:\/\/vagas.portalemprego.com.br\/?p=6607"},"modified":"2026-04-29T06:09:09","modified_gmt":"2026-04-29T09:09:09","slug":"auxiliar-administrativo-pessoa-com-deficiencia-pcd-banco-de-talentos-administracao-rio-de-janeiro","status":"publish","type":"post","link":"https:\/\/vagas.portalemprego.com.br\/?p=6607","title":{"rendered":"Auxiliar Administrativo &#8211; Pessoa com defici\u00eancia (PcD) &#8211; Banco de Talentos &#8211; Administra\u00e7\u00e3o &#8211; Rio de Janeiro"},"content":{"rendered":"<p>REQUISITOS:<br \/>\n&#8211; Ensino M\u00e9dio Completo;<br \/>\n&#8211; Ser pessoa com defici\u00eancia &#8211; PcD;<br \/>\n&#8211; Ter experi\u00eancia em ambiente da sa\u00fade com rotinas administrativas;<br \/>\n&#8211; Se conhecer sistema MVSOUL, ser\u00e1 diferencial.<\/p>\n<p>ATRIBUI\u00c7\u00d5ES:<br \/>\n&#8211; Realizar solicita\u00e7\u00f5es de materiais e abastecer alguns setores;<br \/>\n&#8211; Alimentar planilhas e digita\u00e7\u00e3o de informa\u00e7\u00f5es em sistema;<br \/>\n&#8211; Atendimento telef\u00f4nico;<br \/>\n&#8211; Envio de e-mails.<\/p>\n<p>HOR\u00c1RIO DE TRABALHO:<br \/>\n&#8211; 08h00 as 18h00<br \/>\n&#8211; Ambos os Sexos.<\/p>\n<ul>\n<li>Local de trabalho: Rio de Janeiro, RJ<\/li>\n<li>Regime de contrata\u00e7\u00e3o de tipo: Efetivo \u2013 CLT<\/li>\n<li>Jornada: Per\u00edodo Integral<\/li>\n<li>\u00c1rea e especializa\u00e7\u00e3o profissional: Administra\u00e7\u00e3o &#8211; Administra\u00e7\u00e3o Geral<\/li>\n<li>N\u00edvel hier\u00e1rquico: Auxiliar<\/li>\n<\/ul>\n<p>HABILIDADES<\/p>\n<ul>\n<li>Organizada<\/li>\n<li>Comunicativa<\/li>\n<li>Desenvolta<\/li>\n<li>Pessoa simp\u00e1tica<\/li>\n<li>Proativa<\/li>\n<li>Flex\u00edvel<\/li>\n<li>Bom trabalho em equipe<\/li>\n<\/ul>\n<p>Escolaridade M\u00ednima: Ensino M\u00e9dio (2\u00ba Grau)<\/p>\n<ul>\n<li>Seguro de Vida<\/li>\n<li>Caf\u00e9 da manh\u00e3<\/li>\n<li>Lanche da tarde<\/li>\n<li>Assist\u00eancia M\u00e9dica<\/li>\n<li>Assist\u00eancia Odontol\u00f3gica<\/li>\n<li>Almo\u00e7o<\/li>\n<li>Assist\u00eancia Funeral<\/li>\n<li>Conv\u00eanio Farm\u00e1cia<\/li>\n<li>Gympass<\/li>\n<li>Vale Alimenta\u00e7\u00e3o<\/li>\n<li>Conv\u00eanio Sesc<\/li>\n<li>Plataforma de Cursos<\/li>\n<\/ul>\n","protected":false},"excerpt":{"rendered":"<p>REQUISITOS: &#8211; Ensino M\u00e9dio Completo; &#8211; Ser pessoa com defici\u00eancia &#8211; PcD; &#8211; Ter experi\u00eancia em ambiente da sa\u00fade com rotinas administrativas; &#8211; Se conhecer sistema MVSOUL, ser\u00e1 diferencial. ATRIBUI\u00c7\u00d5ES: &#8211; Realizar solicita\u00e7\u00f5es de materiais e abastecer alguns setores; &#8211; Alimentar planilhas e digita\u00e7\u00e3o de informa\u00e7\u00f5es em sistema; &#8211; Atendimento telef\u00f4nico; &#8211; Envio de e-mails. [&hellip;]<\/p>\n","protected":false},"author":1,"featured_media":0,"comment_status":"open","ping_status":"open","sticky":false,"template":"","format":"standard","meta":{"footnotes":""},"categories":[21],"tags":[],"class_list":["post-6607","post","type-post","status-publish","format-standard","hentry","category-rio-de-janeiro-rj"],"_links":{"self":[{"href":"https:\/\/vagas.portalemprego.com.br\/index.php?rest_route=\/wp\/v2\/posts\/6607","targetHints":{"allow":["GET"]}}],"collection":[{"href":"https:\/\/vagas.portalemprego.com.br\/index.php?rest_route=\/wp\/v2\/posts"}],"about":[{"href":"https:\/\/vagas.portalemprego.com.br\/index.php?rest_route=\/wp\/v2\/types\/post"}],"author":[{"embeddable":true,"href":"https:\/\/vagas.portalemprego.com.br\/index.php?rest_route=\/wp\/v2\/users\/1"}],"replies":[{"embeddable":true,"href":"https:\/\/vagas.portalemprego.com.br\/index.php?rest_route=%2Fwp%2Fv2%2Fcomments&post=6607"}],"version-history":[{"count":0,"href":"https:\/\/vagas.portalemprego.com.br\/index.php?rest_route=\/wp\/v2\/posts\/6607\/revisions"}],"wp:attachment":[{"href":"https:\/\/vagas.portalemprego.com.br\/index.php?rest_route=%2Fwp%2Fv2%2Fmedia&parent=6607"}],"wp:term":[{"taxonomy":"category","embeddable":true,"href":"https:\/\/vagas.portalemprego.com.br\/index.php?rest_route=%2Fwp%2Fv2%2Fcategories&post=6607"},{"taxonomy":"post_tag","embeddable":true,"href":"https:\/\/vagas.portalemprego.com.br\/index.php?rest_route=%2Fwp%2Fv2%2Ftags&post=6607"}],"curies":[{"name":"wp","href":"https:\/\/api.w.org\/{rel}","templated":true}]}}