{"id":6618,"date":"2026-04-29T06:09:09","date_gmt":"2026-04-29T09:09:09","guid":{"rendered":"https:\/\/vagas.portalemprego.com.br\/?p=6618"},"modified":"2026-04-29T06:09:09","modified_gmt":"2026-04-29T09:09:09","slug":"auxiliar-financeiro-administrativo-pcd-contabil-financas-economia-rio-de-janeiro","status":"publish","type":"post","link":"https:\/\/vagas.portalemprego.com.br\/?p=6618","title":{"rendered":"Auxiliar Financeiro Administrativo &#8211; PCD &#8211; Cont\u00e1bil, Finan\u00e7as, Economia &#8211; Rio de Janeiro"},"content":{"rendered":"<p>Auxiliar no controle de todos os bens da institui\u00e7\u00e3o de forma l\u00f3gica e organizada, de acordo com a legisla\u00e7\u00e3o vigente como ponto focal na casa com apoio da \u00e1rea de patrim\u00f4nio corporativa.<br \/>\n\u00b7 Receber e controlar a entrada e sa\u00edda dos bens patrimoniais da institui\u00e7\u00e3o. \u00b7 Conferencia das notas fiscais f\u00edsicas de aquisi\u00e7\u00e3o. \u00b7 Coloca\u00e7\u00e3o de placas de identifica\u00e7\u00e3o patrimonial no bem f\u00edsico (Bens do ativo permanente). \u00b7 Emiss\u00e3o e entrega do termo de responsabilidade. \u00b7 Lan\u00e7amentos no sistema de patrim\u00f4nio da MV. \u00b7 Acompanhamento para retirada e entrada de bens para manuten\u00e7\u00e3o \/ transf. \/ doa\u00e7\u00e3o \/ aliena\u00e7\u00e3o. \u00b7 Suporte para emiss\u00e3o de carta de circula\u00e7\u00e3o de mercadorias e declara\u00e7\u00e3o de sa\u00edda de bens para outras casas. \u00b7 Acompanhamento da movimenta\u00e7\u00e3o do ativo fixo em todos os setores. \u00b7 Distribuir os relat\u00f3rios individualizados aos setores por ocasi\u00e3o do invent\u00e1rio.<\/p>\n<ul>\n<li>Local de trabalho: Rio de Janeiro, RJ<\/li>\n<li>Regime de contrata\u00e7\u00e3o de tipo: Efetivo \u2013 CLT<\/li>\n<li>Jornada: Per\u00edodo Integral<\/li>\n<li>\u00c1rea e especializa\u00e7\u00e3o profissional: Cont\u00e1bil, Finan\u00e7as, Economia &#8211; Fiscal<\/li>\n<li>N\u00edvel hier\u00e1rquico: Auxiliar<\/li>\n<\/ul>\n<p>VALORIZADO<\/p>\n<p>Tempo de experi\u00eancia: Entre 1 e 3 anos<\/p>\n<p>Escolaridade M\u00ednima: Ensino M\u00e9dio (2\u00ba Grau)<\/p>\n<ul>\n<li>Refei\u00e7\u00e3o no local<\/li>\n<li>Assist\u00eancia m\u00e9dica<\/li>\n<li>gympass<\/li>\n<li>Seguro de Vida<\/li>\n<li>Assist\u00eancia odontol\u00f3gica<\/li>\n<li>VA<\/li>\n<li>convenio com farmacia<\/li>\n<li>VT<\/li>\n<\/ul>\n","protected":false},"excerpt":{"rendered":"<p>Auxiliar no controle de todos os bens da institui\u00e7\u00e3o de forma l\u00f3gica e organizada, de acordo com a legisla\u00e7\u00e3o vigente como ponto focal na casa com apoio da \u00e1rea de patrim\u00f4nio corporativa. \u00b7 Receber e controlar a entrada e sa\u00edda dos bens patrimoniais da institui\u00e7\u00e3o. \u00b7 Conferencia das notas fiscais f\u00edsicas de aquisi\u00e7\u00e3o. \u00b7 Coloca\u00e7\u00e3o [&hellip;]<\/p>\n","protected":false},"author":1,"featured_media":0,"comment_status":"open","ping_status":"open","sticky":false,"template":"","format":"standard","meta":{"footnotes":""},"categories":[21],"tags":[],"class_list":["post-6618","post","type-post","status-publish","format-standard","hentry","category-rio-de-janeiro-rj"],"_links":{"self":[{"href":"https:\/\/vagas.portalemprego.com.br\/index.php?rest_route=\/wp\/v2\/posts\/6618","targetHints":{"allow":["GET"]}}],"collection":[{"href":"https:\/\/vagas.portalemprego.com.br\/index.php?rest_route=\/wp\/v2\/posts"}],"about":[{"href":"https:\/\/vagas.portalemprego.com.br\/index.php?rest_route=\/wp\/v2\/types\/post"}],"author":[{"embeddable":true,"href":"https:\/\/vagas.portalemprego.com.br\/index.php?rest_route=\/wp\/v2\/users\/1"}],"replies":[{"embeddable":true,"href":"https:\/\/vagas.portalemprego.com.br\/index.php?rest_route=%2Fwp%2Fv2%2Fcomments&post=6618"}],"version-history":[{"count":0,"href":"https:\/\/vagas.portalemprego.com.br\/index.php?rest_route=\/wp\/v2\/posts\/6618\/revisions"}],"wp:attachment":[{"href":"https:\/\/vagas.portalemprego.com.br\/index.php?rest_route=%2Fwp%2Fv2%2Fmedia&parent=6618"}],"wp:term":[{"taxonomy":"category","embeddable":true,"href":"https:\/\/vagas.portalemprego.com.br\/index.php?rest_route=%2Fwp%2Fv2%2Fcategories&post=6618"},{"taxonomy":"post_tag","embeddable":true,"href":"https:\/\/vagas.portalemprego.com.br\/index.php?rest_route=%2Fwp%2Fv2%2Ftags&post=6618"}],"curies":[{"name":"wp","href":"https:\/\/api.w.org\/{rel}","templated":true}]}}