{"id":6621,"date":"2026-04-29T06:09:09","date_gmt":"2026-04-29T09:09:09","guid":{"rendered":"https:\/\/vagas.portalemprego.com.br\/?p=6621"},"modified":"2026-04-29T06:09:09","modified_gmt":"2026-04-29T09:09:09","slug":"oficial-de-manutencao-construcao-manutencao-rio-de-janeiro-17","status":"publish","type":"post","link":"https:\/\/vagas.portalemprego.com.br\/?p=6621","title":{"rendered":"Oficial de Manuten\u00e7\u00e3o &#8211; Constru\u00e7\u00e3o, Manuten\u00e7\u00e3o &#8211; Rio de Janeiro"},"content":{"rendered":"<p>&#8211; Oportunidade: Oficial de Manuten\u00e7\u00e3o I \u2013 Manuten\u00e7\u00e3o Predial<br \/>\n&#8211; Local: Centro \u2013 Rio de Janeiro\/RJ<\/p>\n<p>O Grupo GPS, com mais de 60 anos de experi\u00eancia e atua\u00e7\u00e3o nacional em diversos segmentos como Facilities, Seguran\u00e7a, Log\u00edstica, Engenharia de Utilidades e muito mais, est\u00e1 contratando!<\/p>\n<p>Se voc\u00ea tem experi\u00eancia com manuten\u00e7\u00e3o predial e quer fazer parte de uma equipe que valoriza a excel\u00eancia, inova\u00e7\u00e3o e o Esp\u00edrito de Servir, essa vaga pode ser sua!<\/p>\n<p> Valorizamos a diversidade e a inclus\u00e3o. Vaga aberta para todas as pessoas!<\/p>\n<p>&#8211; Sobre a vaga:<br \/>\nCargo: Oficial de Manuten\u00e7\u00e3o I<br \/>\nLocal: Centro \u2013 Rio de Janeiro<br \/>\nRemunera\u00e7\u00e3o: R$ 2.709,55<br \/>\nHor\u00e1rio: Segunda a Sexta, das 08h00 \u00e0s 18h00<\/p>\n<p>&#8211; Responsabilidades:<br \/>\nAtua\u00e7\u00e3o na manuten\u00e7\u00e3o predial preventiva e corretiva, com foco em el\u00e9trica b\u00e1sica e suporte geral \u00e0s instala\u00e7\u00f5es.<\/p>\n<p>&#8211; Requisitos:<br \/>\nCurso de El\u00e9trica B\u00e1sica<br \/>\nExperi\u00eancia comprovada em manuten\u00e7\u00e3o predial<\/p>\n<p>&#8211; Benef\u00edcios:<br \/>\n&#8211; Vale Refei\u00e7\u00e3o: R$ 30,00\/dia<br \/>\n&#8211; Vale Transporte<br \/>\n&#8211; Pr\u00eamio de Assiduidade: R$ 300,00<\/p>\n<p>&#8211; Quer fazer parte do nosso time?<br \/>\nEnvie seu curr\u00edculo para pedro.ataide@gpssa.com.br com o assunto: &#8220;Oficial de Manuten\u00e7\u00e3o I&#8221;<\/p>\n<ul>\n<li>Local de trabalho: Rio de Janeiro, RJ<\/li>\n<li>Regime de contrata\u00e7\u00e3o de tipo: Efetivo \u2013 CLT<\/li>\n<li>Jornada: Per\u00edodo Integral<\/li>\n<li>\u00c1rea e especializa\u00e7\u00e3o profissional: Constru\u00e7\u00e3o, Manuten\u00e7\u00e3o &#8211; Manuten\u00e7\u00e3o em Geral<\/li>\n<li>N\u00edvel hier\u00e1rquico: Assistente<\/li>\n<\/ul>\n<p>VALORIZADO<\/p>\n<p>Tempo de experi\u00eancia: Entre 1 e 3 anos<\/p>\n<p>Escolaridade M\u00ednima: Ensino M\u00e9dio (2\u00ba Grau)<\/p>\n<p>Sal\u00e1rio: 2709,01<\/p>\n","protected":false},"excerpt":{"rendered":"<p>&#8211; Oportunidade: Oficial de Manuten\u00e7\u00e3o I \u2013 Manuten\u00e7\u00e3o Predial &#8211; Local: Centro \u2013 Rio de Janeiro\/RJ O Grupo GPS, com mais de 60 anos de experi\u00eancia e atua\u00e7\u00e3o nacional em diversos segmentos como Facilities, Seguran\u00e7a, Log\u00edstica, Engenharia de Utilidades e muito mais, est\u00e1 contratando! Se voc\u00ea tem experi\u00eancia com manuten\u00e7\u00e3o predial e quer fazer parte [&hellip;]<\/p>\n","protected":false},"author":1,"featured_media":0,"comment_status":"open","ping_status":"open","sticky":false,"template":"","format":"standard","meta":{"footnotes":""},"categories":[21],"tags":[],"class_list":["post-6621","post","type-post","status-publish","format-standard","hentry","category-rio-de-janeiro-rj"],"_links":{"self":[{"href":"https:\/\/vagas.portalemprego.com.br\/index.php?rest_route=\/wp\/v2\/posts\/6621","targetHints":{"allow":["GET"]}}],"collection":[{"href":"https:\/\/vagas.portalemprego.com.br\/index.php?rest_route=\/wp\/v2\/posts"}],"about":[{"href":"https:\/\/vagas.portalemprego.com.br\/index.php?rest_route=\/wp\/v2\/types\/post"}],"author":[{"embeddable":true,"href":"https:\/\/vagas.portalemprego.com.br\/index.php?rest_route=\/wp\/v2\/users\/1"}],"replies":[{"embeddable":true,"href":"https:\/\/vagas.portalemprego.com.br\/index.php?rest_route=%2Fwp%2Fv2%2Fcomments&post=6621"}],"version-history":[{"count":0,"href":"https:\/\/vagas.portalemprego.com.br\/index.php?rest_route=\/wp\/v2\/posts\/6621\/revisions"}],"wp:attachment":[{"href":"https:\/\/vagas.portalemprego.com.br\/index.php?rest_route=%2Fwp%2Fv2%2Fmedia&parent=6621"}],"wp:term":[{"taxonomy":"category","embeddable":true,"href":"https:\/\/vagas.portalemprego.com.br\/index.php?rest_route=%2Fwp%2Fv2%2Fcategories&post=6621"},{"taxonomy":"post_tag","embeddable":true,"href":"https:\/\/vagas.portalemprego.com.br\/index.php?rest_route=%2Fwp%2Fv2%2Ftags&post=6621"}],"curies":[{"name":"wp","href":"https:\/\/api.w.org\/{rel}","templated":true}]}}