{"id":6628,"date":"2026-04-29T06:09:09","date_gmt":"2026-04-29T09:09:09","guid":{"rendered":"https:\/\/vagas.portalemprego.com.br\/?p=6628"},"modified":"2026-04-29T06:09:09","modified_gmt":"2026-04-29T09:09:09","slug":"ajudante-de-garcom-servicos-gerais-rio-de-janeiro","status":"publish","type":"post","link":"https:\/\/vagas.portalemprego.com.br\/?p=6628","title":{"rendered":"Ajudante de Gar\u00e7om &#8211; Servi\u00e7os Gerais &#8211; Rio de Janeiro"},"content":{"rendered":"<p>**Oferta de Emprego: Ajudante de Gar\u00e7om**<\/p>\n<p>Estamos em busca de um profissional din\u00e2mico e com experi\u00eancia para compor nosso time de servi\u00e7os tempor\u00e1rios.<\/p>\n<p>A fun\u00e7\u00e3o de Ajudante de Gar\u00e7om \u00e9 fundamental para garantir um ambiente agrad\u00e1vel e eficiente em nosso ambiente de trabalho.<\/p>\n<p>O candidato ideal deve ter ensino m\u00e9dio completo e experi\u00eancia comprovada como Ajudante de Gar\u00e7om ou Copeiro e boa comunica\u00e7\u00e3o.<\/p>\n<p>Suas principais responsabilidades incluir\u00e3o auxiliar na prepara\u00e7\u00e3o e organiza\u00e7\u00e3o da \u00e1rea de servi\u00e7o, suporte nas atividades de limpeza e organiza\u00e7\u00e3o da copa, al\u00e9m de ajudar na montagem e desmontagem de mesas de bandejas de refei\u00e7\u00e3o, coffe break e preparo de caf\u00e9.<\/p>\n<p>A capacidade de trabalhar em equipe, boa comunica\u00e7\u00e3o,  agilidade, descri\u00e7\u00e3o  e aten\u00e7\u00e3o aos detalhes s\u00e3o fundamentais para o sucesso nesta fun\u00e7\u00e3o.<\/p>\n<p>Interessados devem enviar seu curr\u00edculo com a pretens\u00e3o salarial para a vaga.<br \/>\nAguardamos seu contato para discutir mais detalhes sobre essa oportunidade.<\/p>\n<p>A LUANDRE SERVI\u00c7OS TEMPOR\u00c1RIOS LTDA.<br \/>\n(C-I) valoriza a diversidade e est\u00e1 comprometida com a igualdade de oportunidades para todos os candidatos.<\/p>\n<ul>\n<li>Local de trabalho: Rio de Janeiro, RJ<\/li>\n<li>Regime de contrata\u00e7\u00e3o de tipo: Tempor\u00e1rio<\/li>\n<li>Jornada: Per\u00edodo Integral<\/li>\n<li>\u00c1rea e especializa\u00e7\u00e3o profissional: Servi\u00e7os Gerais &#8211; Ascensorista<\/li>\n<li>N\u00edvel hier\u00e1rquico: Operacional<\/li>\n<\/ul>\n<p>VALORIZADO<\/p>\n<p>Tempo de experi\u00eancia: Entre 1 e 3 anos<\/p>\n<p>HABILIDADES<\/p>\n<ul>\n<li>Experi\u00eancia como Ajudante de Gar\u00e7om ou Copeiro<\/li>\n<li>Ensino m\u00e9dio completo<\/li>\n<\/ul>\n<p>Escolaridade M\u00ednima: Ensino M\u00e9dio (2\u00ba Grau)<\/p>\n<ul>\n<li>Vale-alimenta\u00e7\u00e3o<\/li>\n<li>Assist\u00eancia m\u00e9dica<\/li>\n<li>Vale-transporte<\/li>\n<li>Vale-refei\u00e7\u00e3o<\/li>\n<\/ul>\n<p>Sal\u00e1rio: 1935,0<\/p>\n","protected":false},"excerpt":{"rendered":"<p>**Oferta de Emprego: Ajudante de Gar\u00e7om** Estamos em busca de um profissional din\u00e2mico e com experi\u00eancia para compor nosso time de servi\u00e7os tempor\u00e1rios. A fun\u00e7\u00e3o de Ajudante de Gar\u00e7om \u00e9 fundamental para garantir um ambiente agrad\u00e1vel e eficiente em nosso ambiente de trabalho. O candidato ideal deve ter ensino m\u00e9dio completo e experi\u00eancia comprovada como [&hellip;]<\/p>\n","protected":false},"author":1,"featured_media":0,"comment_status":"open","ping_status":"open","sticky":false,"template":"","format":"standard","meta":{"footnotes":""},"categories":[21],"tags":[],"class_list":["post-6628","post","type-post","status-publish","format-standard","hentry","category-rio-de-janeiro-rj"],"_links":{"self":[{"href":"https:\/\/vagas.portalemprego.com.br\/index.php?rest_route=\/wp\/v2\/posts\/6628","targetHints":{"allow":["GET"]}}],"collection":[{"href":"https:\/\/vagas.portalemprego.com.br\/index.php?rest_route=\/wp\/v2\/posts"}],"about":[{"href":"https:\/\/vagas.portalemprego.com.br\/index.php?rest_route=\/wp\/v2\/types\/post"}],"author":[{"embeddable":true,"href":"https:\/\/vagas.portalemprego.com.br\/index.php?rest_route=\/wp\/v2\/users\/1"}],"replies":[{"embeddable":true,"href":"https:\/\/vagas.portalemprego.com.br\/index.php?rest_route=%2Fwp%2Fv2%2Fcomments&post=6628"}],"version-history":[{"count":0,"href":"https:\/\/vagas.portalemprego.com.br\/index.php?rest_route=\/wp\/v2\/posts\/6628\/revisions"}],"wp:attachment":[{"href":"https:\/\/vagas.portalemprego.com.br\/index.php?rest_route=%2Fwp%2Fv2%2Fmedia&parent=6628"}],"wp:term":[{"taxonomy":"category","embeddable":true,"href":"https:\/\/vagas.portalemprego.com.br\/index.php?rest_route=%2Fwp%2Fv2%2Fcategories&post=6628"},{"taxonomy":"post_tag","embeddable":true,"href":"https:\/\/vagas.portalemprego.com.br\/index.php?rest_route=%2Fwp%2Fv2%2Ftags&post=6628"}],"curies":[{"name":"wp","href":"https:\/\/api.w.org\/{rel}","templated":true}]}}