{"id":6629,"date":"2026-04-29T06:09:09","date_gmt":"2026-04-29T09:09:09","guid":{"rendered":"https:\/\/vagas.portalemprego.com.br\/?p=6629"},"modified":"2026-04-29T06:09:09","modified_gmt":"2026-04-29T09:09:09","slug":"auxiliar-de-manutencao-de-ar-condicionado-construcao-manutencao-rio-de-janeiro","status":"publish","type":"post","link":"https:\/\/vagas.portalemprego.com.br\/?p=6629","title":{"rendered":"Auxiliar de Manuten\u00e7\u00e3o de Ar Condicionado &#8211; Constru\u00e7\u00e3o, Manuten\u00e7\u00e3o &#8211; Rio de Janeiro"},"content":{"rendered":"<p>Estamos em busca de um Auxiliar de Manuten\u00e7\u00e3o de Ar Condicionado para se juntar ao nosso time.<\/p>\n<p>Este \u00e9 um papel fundamental para garantir que nossos sistemas de refrigera\u00e7\u00e3o funcionem de forma eficiente e confi\u00e1vel.<br \/>\nO candidato ideal dever\u00e1 ter uma compreens\u00e3o pr\u00e1tica da manuten\u00e7\u00e3o de equipamentos de ar condicionado e refrigera\u00e7\u00e3o, com foco em atividades operacionais que garantam o funcionamento ideal dos sistemas.<\/p>\n<p>O principal objetivo do cargo \u00e9 prestar suporte \u00e0s atividades de manuten\u00e7\u00e3o preventiva e corretiva, garantindo que todos os equipamentos estejam em pleno funcionamento.<\/p>\n<p>O candidato dever\u00e1 demonstrar capacidade de trabalhar de forma independente, bem como em equipe, sempre priorizando a seguran\u00e7a e a efici\u00eancia operacional.<\/p>\n<p>Interessados devem enviar seu curr\u00edculo e portf\u00f3lio, se dispon\u00edvel, para an\u00e1lise.<\/p>\n<ul>\n<li>N\u00famero de vagas: 3<\/li>\n<li>Local de trabalho: Rio de Janeiro, RJ<\/li>\n<li>Regime de contrata\u00e7\u00e3o de tipo: Efetivo \u2013 CLT<\/li>\n<li>Jornada: Per\u00edodo Integral<\/li>\n<li>\u00c1rea e especializa\u00e7\u00e3o profissional: Constru\u00e7\u00e3o, Manuten\u00e7\u00e3o &#8211; Manuten\u00e7\u00e3o e Instala\u00e7\u00f5es<\/li>\n<li>N\u00edvel hier\u00e1rquico: Auxiliar<\/li>\n<\/ul>\n<p>VALORIZADO<\/p>\n<p>Tempo de experi\u00eancia: Sem experi\u00eancia<\/p>\n<p>HABILIDADES<\/p>\n<ul>\n<li>Prestar suporte \u00e0s atividades operacionais de manuten\u00e7\u00e3o, garantindo o funcionamento dos equipamentos principalmente relacionados \u00e0 refrigera\u00e7\u00e3o.<\/li>\n<\/ul>\n<p>Escolaridade M\u00ednima: Ensino M\u00e9dio (2\u00ba Grau)<\/p>\n<p>Habilita\u00e7\u00e3o para dirigir: B<\/p>\n<ul>\n<li>Assist\u00eancia m\u00e9dica<\/li>\n<li>Assist\u00eancia odontol\u00f3gica<\/li>\n<li>gympass<\/li>\n<li>VidaLink<\/li>\n<li>Seguro de Vida<\/li>\n<li>Vale-refei\u00e7\u00e3o<\/li>\n<li>PLR<\/li>\n<\/ul>\n<p>Sal\u00e1rio: 1900,0<\/p>\n","protected":false},"excerpt":{"rendered":"<p>Estamos em busca de um Auxiliar de Manuten\u00e7\u00e3o de Ar Condicionado para se juntar ao nosso time. Este \u00e9 um papel fundamental para garantir que nossos sistemas de refrigera\u00e7\u00e3o funcionem de forma eficiente e confi\u00e1vel. O candidato ideal dever\u00e1 ter uma compreens\u00e3o pr\u00e1tica da manuten\u00e7\u00e3o de equipamentos de ar condicionado e refrigera\u00e7\u00e3o, com foco em [&hellip;]<\/p>\n","protected":false},"author":1,"featured_media":0,"comment_status":"open","ping_status":"open","sticky":false,"template":"","format":"standard","meta":{"footnotes":""},"categories":[21],"tags":[],"class_list":["post-6629","post","type-post","status-publish","format-standard","hentry","category-rio-de-janeiro-rj"],"_links":{"self":[{"href":"https:\/\/vagas.portalemprego.com.br\/index.php?rest_route=\/wp\/v2\/posts\/6629","targetHints":{"allow":["GET"]}}],"collection":[{"href":"https:\/\/vagas.portalemprego.com.br\/index.php?rest_route=\/wp\/v2\/posts"}],"about":[{"href":"https:\/\/vagas.portalemprego.com.br\/index.php?rest_route=\/wp\/v2\/types\/post"}],"author":[{"embeddable":true,"href":"https:\/\/vagas.portalemprego.com.br\/index.php?rest_route=\/wp\/v2\/users\/1"}],"replies":[{"embeddable":true,"href":"https:\/\/vagas.portalemprego.com.br\/index.php?rest_route=%2Fwp%2Fv2%2Fcomments&post=6629"}],"version-history":[{"count":0,"href":"https:\/\/vagas.portalemprego.com.br\/index.php?rest_route=\/wp\/v2\/posts\/6629\/revisions"}],"wp:attachment":[{"href":"https:\/\/vagas.portalemprego.com.br\/index.php?rest_route=%2Fwp%2Fv2%2Fmedia&parent=6629"}],"wp:term":[{"taxonomy":"category","embeddable":true,"href":"https:\/\/vagas.portalemprego.com.br\/index.php?rest_route=%2Fwp%2Fv2%2Fcategories&post=6629"},{"taxonomy":"post_tag","embeddable":true,"href":"https:\/\/vagas.portalemprego.com.br\/index.php?rest_route=%2Fwp%2Fv2%2Ftags&post=6629"}],"curies":[{"name":"wp","href":"https:\/\/api.w.org\/{rel}","templated":true}]}}