{"id":6630,"date":"2026-04-29T06:09:09","date_gmt":"2026-04-29T09:09:09","guid":{"rendered":"https:\/\/vagas.portalemprego.com.br\/?p=6630"},"modified":"2026-04-29T06:09:09","modified_gmt":"2026-04-29T09:09:09","slug":"tecnico-de-manutencao-de-ar-condicionado-construcao-manutencao-rio-de-janeiro","status":"publish","type":"post","link":"https:\/\/vagas.portalemprego.com.br\/?p=6630","title":{"rendered":"T\u00e9cnico de Manuten\u00e7\u00e3o de Ar Condicionado &#8211; Constru\u00e7\u00e3o, Manuten\u00e7\u00e3o &#8211; Rio de Janeiro"},"content":{"rendered":"<p>Estamos em busca de um T\u00e9cnico de Manuten\u00e7\u00e3o de Ar Condicionado para se juntar ao nosso time.<\/p>\n<p>Este \u00e9 um excelente oportunidade para profissionais dedicados e com experi\u00eancia em climatiza\u00e7\u00e3o e sistemas eletr\u00f4nicos.<\/p>\n<p>Voc\u00ea ser\u00e1 respons\u00e1vel por realizar a instala\u00e7\u00e3o, manuten\u00e7\u00e3o preventiva e corretiva de sistemas de climatiza\u00e7\u00e3o e equipamentos eletr\u00f4nicos.<br \/>\nSuas habilidades t\u00e9cnicas ser\u00e3o fundamentais para garantir o funcionamento eficiente e a efici\u00eancia energ\u00e9tica dos sistemas que voc\u00ea ir\u00e1 cuidar.<\/p>\n<p>Para esta posi\u00e7\u00e3o, exigimos que voc\u00ea possua um curso t\u00e9cnico completo em Refrigera\u00e7\u00e3o, Eletrot\u00e9cnica, Eletromec\u00e2nica ou \u00e1reas correlatas. Necess\u00e1rio tamb\u00e9m ter experi\u00eancia na fun\u00e7\u00e3o.<\/p>\n<p>Venha fazer parte de uma equipe que valoriza o profissionalismo e a excel\u00eancia em cada projeto realizado.<\/p>\n<p>Aguardamos seu interesse para que possamos discutir como suas habilidades e experi\u00eancias podem contribuir para o sucesso da nossa empresa.<\/p>\n<ul>\n<li>N\u00famero de vagas: 6<\/li>\n<li>Local de trabalho: Rio de Janeiro, RJ<\/li>\n<li>Regime de contrata\u00e7\u00e3o de tipo: Efetivo \u2013 CLT<\/li>\n<li>Jornada: Per\u00edodo Integral<\/li>\n<li>\u00c1rea e especializa\u00e7\u00e3o profissional: Constru\u00e7\u00e3o, Manuten\u00e7\u00e3o &#8211; Manuten\u00e7\u00e3o e Instala\u00e7\u00f5es<\/li>\n<li>N\u00edvel hier\u00e1rquico: Assistente<\/li>\n<\/ul>\n<p>VALORIZADO<\/p>\n<p>Tempo de experi\u00eancia: Entre 1 e 3 anos<\/p>\n<p>HABILIDADES<\/p>\n<ul>\n<li>Instala\u00e7\u00e3o, manuten\u00e7\u00e3o preventiva e corretiva dos sistemas de climatiza\u00e7\u00e3o e equipamentos eletr\u00f4nicos. Necess\u00e1rio curso T\u00e9cnico completo em Refrigera\u00e7\u00e3o, Eletrot\u00e9cnica, Eletromec\u00e2nica ou \u00e1reas correlatas.<\/li>\n<\/ul>\n<p>Escolaridade M\u00ednima: Curso T\u00e9cnico<\/p>\n<p>Habilita\u00e7\u00e3o para dirigir: B<\/p>\n<p>Disponibilidade para viajar<\/p>\n<ul>\n<li>Insalubridade<\/li>\n<li>PLR<\/li>\n<li>VidaLink<\/li>\n<li>gympass<\/li>\n<li>Assist\u00eancia odontol\u00f3gica<\/li>\n<li>Assist\u00eancia m\u00e9dica<\/li>\n<li>Vale-refei\u00e7\u00e3o<\/li>\n<li>Seguro de Vida<\/li>\n<\/ul>\n<p>Sal\u00e1rio: 4700,0<\/p>\n","protected":false},"excerpt":{"rendered":"<p>Estamos em busca de um T\u00e9cnico de Manuten\u00e7\u00e3o de Ar Condicionado para se juntar ao nosso time. Este \u00e9 um excelente oportunidade para profissionais dedicados e com experi\u00eancia em climatiza\u00e7\u00e3o e sistemas eletr\u00f4nicos. Voc\u00ea ser\u00e1 respons\u00e1vel por realizar a instala\u00e7\u00e3o, manuten\u00e7\u00e3o preventiva e corretiva de sistemas de climatiza\u00e7\u00e3o e equipamentos eletr\u00f4nicos. Suas habilidades t\u00e9cnicas ser\u00e3o [&hellip;]<\/p>\n","protected":false},"author":1,"featured_media":0,"comment_status":"open","ping_status":"open","sticky":false,"template":"","format":"standard","meta":{"footnotes":""},"categories":[21],"tags":[],"class_list":["post-6630","post","type-post","status-publish","format-standard","hentry","category-rio-de-janeiro-rj"],"_links":{"self":[{"href":"https:\/\/vagas.portalemprego.com.br\/index.php?rest_route=\/wp\/v2\/posts\/6630","targetHints":{"allow":["GET"]}}],"collection":[{"href":"https:\/\/vagas.portalemprego.com.br\/index.php?rest_route=\/wp\/v2\/posts"}],"about":[{"href":"https:\/\/vagas.portalemprego.com.br\/index.php?rest_route=\/wp\/v2\/types\/post"}],"author":[{"embeddable":true,"href":"https:\/\/vagas.portalemprego.com.br\/index.php?rest_route=\/wp\/v2\/users\/1"}],"replies":[{"embeddable":true,"href":"https:\/\/vagas.portalemprego.com.br\/index.php?rest_route=%2Fwp%2Fv2%2Fcomments&post=6630"}],"version-history":[{"count":0,"href":"https:\/\/vagas.portalemprego.com.br\/index.php?rest_route=\/wp\/v2\/posts\/6630\/revisions"}],"wp:attachment":[{"href":"https:\/\/vagas.portalemprego.com.br\/index.php?rest_route=%2Fwp%2Fv2%2Fmedia&parent=6630"}],"wp:term":[{"taxonomy":"category","embeddable":true,"href":"https:\/\/vagas.portalemprego.com.br\/index.php?rest_route=%2Fwp%2Fv2%2Fcategories&post=6630"},{"taxonomy":"post_tag","embeddable":true,"href":"https:\/\/vagas.portalemprego.com.br\/index.php?rest_route=%2Fwp%2Fv2%2Ftags&post=6630"}],"curies":[{"name":"wp","href":"https:\/\/api.w.org\/{rel}","templated":true}]}}