{"id":6632,"date":"2026-04-29T06:09:09","date_gmt":"2026-04-29T09:09:09","guid":{"rendered":"https:\/\/vagas.portalemprego.com.br\/?p=6632"},"modified":"2026-04-29T06:09:09","modified_gmt":"2026-04-29T09:09:09","slug":"recepcionista-temporario-tijuca-rj-administracao-rio-de-janeiro","status":"publish","type":"post","link":"https:\/\/vagas.portalemprego.com.br\/?p=6632","title":{"rendered":"Recepcionista (Tempor\u00e1rio) &#8211; Tijuca, RJ &#8211; Administra\u00e7\u00e3o &#8211; Rio de Janeiro"},"content":{"rendered":"<p>Empresa nacional no segmento da sa\u00fade contrata para atuar em uma das suas unidades hospitalares localizada na regi\u00e3o da Tijuca. O profissional ir\u00e1 utilizar t\u00e9cnicas apropriadas para cada procedimento e trabalhando conforme as boas pr\u00e1ticas. Presta ajuda com d\u00favidas, auxilia m\u00e9dicos e esteticistas com tarefas administrativas, organizando e mantendo suas agendas organizadas. Realiza agendamentos ou cancelamentos por contato telef\u00f4nico.<\/p>\n<p>Perfil esperado \/ requisitos<br \/>\nEnsino M\u00e9dio Completo;<br \/>\nExperi\u00eancia anterior como Recepcionista na \u00e1rea hospitalar;<br \/>\nDisponibilidade para atuar na escala 5&#215;2 das 09h00 \u00e0s 19h00;<br \/>\nF\u00e1cil acesso a regi\u00e3o da Tijuca;<\/p>\n<ul>\n<li>Local de trabalho: Rio de Janeiro, RJ<\/li>\n<li>Regime de contrata\u00e7\u00e3o de tipo: Tempor\u00e1rio<\/li>\n<li>Jornada: Per\u00edodo Integral<\/li>\n<li>\u00c1rea e especializa\u00e7\u00e3o profissional: Administra\u00e7\u00e3o &#8211; Recep\u00e7\u00e3o<\/li>\n<li>N\u00edvel hier\u00e1rquico: Assistente<\/li>\n<\/ul>\n<p>VALORIZADO<\/p>\n<p>Tempo de experi\u00eancia: Entre 1 e 3 anos<\/p>\n<p>Escolaridade M\u00ednima: Ensino M\u00e9dio (2\u00ba Grau)<\/p>\n<ul>\n<li>Vale-refei\u00e7\u00e3o<\/li>\n<li>Vale-transporte<\/li>\n<\/ul>\n<p>Sal\u00e1rio: 1716,0<\/p>\n","protected":false},"excerpt":{"rendered":"<p>Empresa nacional no segmento da sa\u00fade contrata para atuar em uma das suas unidades hospitalares localizada na regi\u00e3o da Tijuca. O profissional ir\u00e1 utilizar t\u00e9cnicas apropriadas para cada procedimento e trabalhando conforme as boas pr\u00e1ticas. Presta ajuda com d\u00favidas, auxilia m\u00e9dicos e esteticistas com tarefas administrativas, organizando e mantendo suas agendas organizadas. Realiza agendamentos ou [&hellip;]<\/p>\n","protected":false},"author":1,"featured_media":0,"comment_status":"open","ping_status":"open","sticky":false,"template":"","format":"standard","meta":{"footnotes":""},"categories":[21],"tags":[],"class_list":["post-6632","post","type-post","status-publish","format-standard","hentry","category-rio-de-janeiro-rj"],"_links":{"self":[{"href":"https:\/\/vagas.portalemprego.com.br\/index.php?rest_route=\/wp\/v2\/posts\/6632","targetHints":{"allow":["GET"]}}],"collection":[{"href":"https:\/\/vagas.portalemprego.com.br\/index.php?rest_route=\/wp\/v2\/posts"}],"about":[{"href":"https:\/\/vagas.portalemprego.com.br\/index.php?rest_route=\/wp\/v2\/types\/post"}],"author":[{"embeddable":true,"href":"https:\/\/vagas.portalemprego.com.br\/index.php?rest_route=\/wp\/v2\/users\/1"}],"replies":[{"embeddable":true,"href":"https:\/\/vagas.portalemprego.com.br\/index.php?rest_route=%2Fwp%2Fv2%2Fcomments&post=6632"}],"version-history":[{"count":0,"href":"https:\/\/vagas.portalemprego.com.br\/index.php?rest_route=\/wp\/v2\/posts\/6632\/revisions"}],"wp:attachment":[{"href":"https:\/\/vagas.portalemprego.com.br\/index.php?rest_route=%2Fwp%2Fv2%2Fmedia&parent=6632"}],"wp:term":[{"taxonomy":"category","embeddable":true,"href":"https:\/\/vagas.portalemprego.com.br\/index.php?rest_route=%2Fwp%2Fv2%2Fcategories&post=6632"},{"taxonomy":"post_tag","embeddable":true,"href":"https:\/\/vagas.portalemprego.com.br\/index.php?rest_route=%2Fwp%2Fv2%2Ftags&post=6632"}],"curies":[{"name":"wp","href":"https:\/\/api.w.org\/{rel}","templated":true}]}}