{"id":6634,"date":"2026-04-29T06:09:09","date_gmt":"2026-04-29T09:09:09","guid":{"rendered":"https:\/\/vagas.portalemprego.com.br\/?p=6634"},"modified":"2026-04-29T06:09:09","modified_gmt":"2026-04-29T09:09:09","slug":"operador-de-supermercado-comercial-vendas-marica","status":"publish","type":"post","link":"https:\/\/vagas.portalemprego.com.br\/?p=6634","title":{"rendered":"Operador de Supermercado &#8211; Comercial, Vendas &#8211; Maric\u00e1"},"content":{"rendered":"<p>**Vagas Dispon\u00edveis: Operador de Supermercado**<\/p>\n<p>Estamos em busca de profissionais dedicados e com boa organiza\u00e7\u00e3o para compor nosso time de trabalho na \u00e1rea de supermercado.<\/p>\n<p>O candidato ideal deve ter ensino m\u00e9dio completo e disponibilidade para hor\u00e1rio de fechamento.<br \/>\nExperi\u00eancia como repositor ou estoquista de supermercado s\u00e3o diferenciais, mas n\u00e3o s\u00e3o obrigat\u00f3rias.<br \/>\nBuscamos algu\u00e9m com responsabilidade, comprometimento, disposi\u00e7\u00e3o e habilidade para trabalhar em um ambiente din\u00e2mico e em equipe.<\/p>\n<p>As principais responsabilidades do Operador de Supermercado incluem a organiza\u00e7\u00e3o e arruma\u00e7\u00e3o de produtos, atendimento ao cliente, manuten\u00e7\u00e3o da limpeza e organiza\u00e7\u00e3o do setor, e suporte nas atividades de estoque.<br \/>\n\u00c9 fundamental que o candidato tenha aten\u00e7\u00e3o aos detalhes e seja capaz de trabalhar em um ritmo acelerado durante os hor\u00e1rios de fechamento.<\/p>\n<p>Aguardamos ansiosamente por candidatos que compartilhem nosso compromisso com a excel\u00eancia e a qualidade no atendimento ao cliente.<\/p>\n<p>Junte-se \u00e0 nossa equipe e fa\u00e7a parte de um ambiente que valoriza o trabalho s\u00e9rio e comprometido!<\/p>\n<ul>\n<li>Local de trabalho: Maric\u00e1, RJ<\/li>\n<li>Regime de contrata\u00e7\u00e3o de tipo: Tempor\u00e1rio<\/li>\n<li>Jornada: Per\u00edodo Integral<\/li>\n<li>\u00c1rea e especializa\u00e7\u00e3o profissional: Comercial, Vendas &#8211; Atendimento<\/li>\n<li>N\u00edvel hier\u00e1rquico: Operacional<\/li>\n<\/ul>\n<p>VALORIZADO<\/p>\n<p>Tempo de experi\u00eancia: Menos de 1 ano<\/p>\n<p>HABILIDADES<\/p>\n<ul>\n<li>Disponibilidade para hor\u00e1rio de fechamento<\/li>\n<li>Experi\u00eancia como repositor ou estoquista de supermercado ser\u00e3o diferenciais<\/li>\n<li>Ensino m\u00e9dio completo<\/li>\n<\/ul>\n<p>Escolaridade M\u00ednima: Ensino M\u00e9dio (2\u00ba Grau)<\/p>\n<ul>\n<li>Refei\u00e7\u00e3o no local<\/li>\n<li>Vale-transporte<\/li>\n<\/ul>\n<p>Sal\u00e1rio: 1550,0<\/p>\n","protected":false},"excerpt":{"rendered":"<p>**Vagas Dispon\u00edveis: Operador de Supermercado** Estamos em busca de profissionais dedicados e com boa organiza\u00e7\u00e3o para compor nosso time de trabalho na \u00e1rea de supermercado. O candidato ideal deve ter ensino m\u00e9dio completo e disponibilidade para hor\u00e1rio de fechamento. Experi\u00eancia como repositor ou estoquista de supermercado s\u00e3o diferenciais, mas n\u00e3o s\u00e3o obrigat\u00f3rias. Buscamos algu\u00e9m com [&hellip;]<\/p>\n","protected":false},"author":1,"featured_media":0,"comment_status":"open","ping_status":"open","sticky":false,"template":"","format":"standard","meta":{"footnotes":""},"categories":[21],"tags":[],"class_list":["post-6634","post","type-post","status-publish","format-standard","hentry","category-rio-de-janeiro-rj"],"_links":{"self":[{"href":"https:\/\/vagas.portalemprego.com.br\/index.php?rest_route=\/wp\/v2\/posts\/6634","targetHints":{"allow":["GET"]}}],"collection":[{"href":"https:\/\/vagas.portalemprego.com.br\/index.php?rest_route=\/wp\/v2\/posts"}],"about":[{"href":"https:\/\/vagas.portalemprego.com.br\/index.php?rest_route=\/wp\/v2\/types\/post"}],"author":[{"embeddable":true,"href":"https:\/\/vagas.portalemprego.com.br\/index.php?rest_route=\/wp\/v2\/users\/1"}],"replies":[{"embeddable":true,"href":"https:\/\/vagas.portalemprego.com.br\/index.php?rest_route=%2Fwp%2Fv2%2Fcomments&post=6634"}],"version-history":[{"count":0,"href":"https:\/\/vagas.portalemprego.com.br\/index.php?rest_route=\/wp\/v2\/posts\/6634\/revisions"}],"wp:attachment":[{"href":"https:\/\/vagas.portalemprego.com.br\/index.php?rest_route=%2Fwp%2Fv2%2Fmedia&parent=6634"}],"wp:term":[{"taxonomy":"category","embeddable":true,"href":"https:\/\/vagas.portalemprego.com.br\/index.php?rest_route=%2Fwp%2Fv2%2Fcategories&post=6634"},{"taxonomy":"post_tag","embeddable":true,"href":"https:\/\/vagas.portalemprego.com.br\/index.php?rest_route=%2Fwp%2Fv2%2Ftags&post=6634"}],"curies":[{"name":"wp","href":"https:\/\/api.w.org\/{rel}","templated":true}]}}