{"id":6636,"date":"2026-04-29T06:10:10","date_gmt":"2026-04-29T09:10:10","guid":{"rendered":"https:\/\/vagas.portalemprego.com.br\/?p=6636"},"modified":"2026-04-29T06:10:10","modified_gmt":"2026-04-29T09:10:10","slug":"operador-de-loja-comercial-vendas-rio-de-janeiro-2","status":"publish","type":"post","link":"https:\/\/vagas.portalemprego.com.br\/?p=6636","title":{"rendered":"Operador de Loja &#8211; Comercial, Vendas &#8211; Rio de Janeiro"},"content":{"rendered":"<p>**Vaga de Emprego: Operador de Loja**<\/p>\n<p>Estamos em busca de um Operador de Loja para se juntar \u00e0 nossa equipe.<br \/>\nO candidato ideal dever\u00e1 ter Ensino M\u00e9dio completo e disposi\u00e7\u00e3o para carregar peso.<br \/>\nExperi\u00eancia como repositor, carga e descarga s\u00e3o diferenciais, mas n\u00e3o s\u00e3o obrigat\u00f3rias.<\/p>\n<p>O trabalho envolve a organiza\u00e7\u00e3o e manuten\u00e7\u00e3o do estoque, atendimento ao cliente, organiza\u00e7\u00e3o do espa\u00e7o, carga e descarga, arruma\u00e7\u00e3o de g\u00f4ndolas.<\/p>\n<p>\u00c9 fundamental que o candidato tenha boa comunica\u00e7\u00e3o e disposi\u00e7\u00e3o, seja organizado, din\u00e2mico e tenha uma atitude proativa.<\/p>\n<p>A posi\u00e7\u00e3o exige comprometimento e disponibilidade para trabalhar no turno de fechamento, incluindo fins de semana e feriados, conforme a necessidade da empresa.<\/p>\n<p>Se voc\u00ea est\u00e1 buscando uma oportunidade que combine responsabilidade e crescimento profissional, esta vaga pode ser perfeita para voc\u00ea.<\/p>\n<p>Junte-se a n\u00f3s e contribua para o sucesso da nossa equipe!<\/p>\n<p>Aguardamos seu curr\u00edculo para avaliarmos sua candidatura e convid\u00e1-lo para uma entrevista.<\/p>\n<p>Obrigado pelo interesse em se juntar \u00e0 nossa equipe!<\/p>\n<ul>\n<li>Local de trabalho: Rio de Janeiro, RJ<\/li>\n<li>Regime de contrata\u00e7\u00e3o de tipo: Tempor\u00e1rio<\/li>\n<li>Jornada: Per\u00edodo Integral<\/li>\n<li>\u00c1rea e especializa\u00e7\u00e3o profissional: Comercial, Vendas &#8211; Lojas \/ Shopping<\/li>\n<li>N\u00edvel hier\u00e1rquico: Operacional<\/li>\n<\/ul>\n<p>VALORIZADO<\/p>\n<p>Tempo de experi\u00eancia: Menos de 1 ano<\/p>\n<p>HABILIDADES<\/p>\n<ul>\n<li>Disposi\u00e7\u00e3o para carregar peso<\/li>\n<li>Ensino m\u00e9dio completo<\/li>\n<li>Experi\u00eancia como repositor, carga e descarga ser\u00e3o diferenciais<\/li>\n<\/ul>\n<p>Escolaridade M\u00ednima: Ensino M\u00e9dio (2\u00ba Grau)<\/p>\n<ul>\n<li>Refei\u00e7\u00e3o no local<\/li>\n<li>Vale-transporte<\/li>\n<\/ul>\n<p>Sal\u00e1rio: 1530,0<\/p>\n","protected":false},"excerpt":{"rendered":"<p>**Vaga de Emprego: Operador de Loja** Estamos em busca de um Operador de Loja para se juntar \u00e0 nossa equipe. O candidato ideal dever\u00e1 ter Ensino M\u00e9dio completo e disposi\u00e7\u00e3o para carregar peso. Experi\u00eancia como repositor, carga e descarga s\u00e3o diferenciais, mas n\u00e3o s\u00e3o obrigat\u00f3rias. O trabalho envolve a organiza\u00e7\u00e3o e manuten\u00e7\u00e3o do estoque, atendimento [&hellip;]<\/p>\n","protected":false},"author":1,"featured_media":0,"comment_status":"open","ping_status":"open","sticky":false,"template":"","format":"standard","meta":{"footnotes":""},"categories":[21],"tags":[],"class_list":["post-6636","post","type-post","status-publish","format-standard","hentry","category-rio-de-janeiro-rj"],"_links":{"self":[{"href":"https:\/\/vagas.portalemprego.com.br\/index.php?rest_route=\/wp\/v2\/posts\/6636","targetHints":{"allow":["GET"]}}],"collection":[{"href":"https:\/\/vagas.portalemprego.com.br\/index.php?rest_route=\/wp\/v2\/posts"}],"about":[{"href":"https:\/\/vagas.portalemprego.com.br\/index.php?rest_route=\/wp\/v2\/types\/post"}],"author":[{"embeddable":true,"href":"https:\/\/vagas.portalemprego.com.br\/index.php?rest_route=\/wp\/v2\/users\/1"}],"replies":[{"embeddable":true,"href":"https:\/\/vagas.portalemprego.com.br\/index.php?rest_route=%2Fwp%2Fv2%2Fcomments&post=6636"}],"version-history":[{"count":0,"href":"https:\/\/vagas.portalemprego.com.br\/index.php?rest_route=\/wp\/v2\/posts\/6636\/revisions"}],"wp:attachment":[{"href":"https:\/\/vagas.portalemprego.com.br\/index.php?rest_route=%2Fwp%2Fv2%2Fmedia&parent=6636"}],"wp:term":[{"taxonomy":"category","embeddable":true,"href":"https:\/\/vagas.portalemprego.com.br\/index.php?rest_route=%2Fwp%2Fv2%2Fcategories&post=6636"},{"taxonomy":"post_tag","embeddable":true,"href":"https:\/\/vagas.portalemprego.com.br\/index.php?rest_route=%2Fwp%2Fv2%2Ftags&post=6636"}],"curies":[{"name":"wp","href":"https:\/\/api.w.org\/{rel}","templated":true}]}}