{"id":6638,"date":"2026-04-29T06:10:10","date_gmt":"2026-04-29T09:10:10","guid":{"rendered":"https:\/\/vagas.portalemprego.com.br\/?p=6638"},"modified":"2026-04-29T06:10:10","modified_gmt":"2026-04-29T09:10:10","slug":"chefe-de-cozinha-alimentacao-gastronomia-armacao-dos-buzios","status":"publish","type":"post","link":"https:\/\/vagas.portalemprego.com.br\/?p=6638","title":{"rendered":"Chefe de Cozinha &#8211; Alimenta\u00e7\u00e3o \/ Gastronomia &#8211; Arma\u00e7\u00e3o dos B\u00fazios"},"content":{"rendered":"<p>Estamos em busca de um Chefe de Cozinha experiente e inovador para se juntar \u00e0 nossa equipe.<br \/>\nComo l\u00edder da \u00e1rea de culin\u00e1ria, voc\u00ea ser\u00e1 respons\u00e1vel por supervisionar e coordenar todas as atividades da cozinha, garantindo a excel\u00eancia em cada prato servido.<br \/>\nSua miss\u00e3o ser\u00e1 criar e implementar menus que reflitam a vis\u00e3o da empresa, mantendo altos padr\u00f5es de qualidade e servi\u00e7o.<\/p>\n<p>Gerenciar uma equipe de chefs e cozinheiros, fornecendo orienta\u00e7\u00e3o e treinamento para garantir que todos os membros da equipe trabalhem em harmonia e alcancem os objetivos da cozinha.<br \/>\nAl\u00e9m disso, ser\u00e1 sua responsabilidade garantir que todos os procedimentos de higiene e seguran\u00e7a sejam rigorosamente seguidos, mantendo um ambiente de trabalho limpo e seguro.<\/p>\n<p>A experi\u00eancia em cozinhas de alto n\u00edvel \u00e9 essencial, assim como a capacidade de gerenciar or\u00e7amentos e estoques, garantindo que os ingredientes sejam utilizados de forma eficiente e que os custos sejam controlados.<br \/>\nSua criatividade e paix\u00e3o pela culin\u00e1ria ser\u00e3o fundamentais para inovar e manter a satisfa\u00e7\u00e3o dos clientes.<\/p>\n<p>M\u00e9dia salarial R$ 7500 a 9 mil<br \/>\nLocal: Arma\u00e7\u00e3o dos B\u00fazios<\/p>\n<ul>\n<li>Local de trabalho: Arma\u00e7\u00e3o dos B\u00fazios, RJ<\/li>\n<li>Regime de contrata\u00e7\u00e3o de tipo: Efetivo \u2013 CLT<\/li>\n<li>Jornada: Per\u00edodo Integral<\/li>\n<li>\u00c1rea e especializa\u00e7\u00e3o profissional: Alimenta\u00e7\u00e3o \/ Gastronomia &#8211; Cozinha<\/li>\n<li>N\u00edvel hier\u00e1rquico: Especialista<\/li>\n<\/ul>\n<p>Escolaridade M\u00ednima: Ensino Superior<\/p>\n<p>Sal\u00e1rio: 9000,0<\/p>\n","protected":false},"excerpt":{"rendered":"<p>Estamos em busca de um Chefe de Cozinha experiente e inovador para se juntar \u00e0 nossa equipe. Como l\u00edder da \u00e1rea de culin\u00e1ria, voc\u00ea ser\u00e1 respons\u00e1vel por supervisionar e coordenar todas as atividades da cozinha, garantindo a excel\u00eancia em cada prato servido. Sua miss\u00e3o ser\u00e1 criar e implementar menus que reflitam a vis\u00e3o da empresa, [&hellip;]<\/p>\n","protected":false},"author":1,"featured_media":0,"comment_status":"open","ping_status":"open","sticky":false,"template":"","format":"standard","meta":{"footnotes":""},"categories":[21],"tags":[],"class_list":["post-6638","post","type-post","status-publish","format-standard","hentry","category-rio-de-janeiro-rj"],"_links":{"self":[{"href":"https:\/\/vagas.portalemprego.com.br\/index.php?rest_route=\/wp\/v2\/posts\/6638","targetHints":{"allow":["GET"]}}],"collection":[{"href":"https:\/\/vagas.portalemprego.com.br\/index.php?rest_route=\/wp\/v2\/posts"}],"about":[{"href":"https:\/\/vagas.portalemprego.com.br\/index.php?rest_route=\/wp\/v2\/types\/post"}],"author":[{"embeddable":true,"href":"https:\/\/vagas.portalemprego.com.br\/index.php?rest_route=\/wp\/v2\/users\/1"}],"replies":[{"embeddable":true,"href":"https:\/\/vagas.portalemprego.com.br\/index.php?rest_route=%2Fwp%2Fv2%2Fcomments&post=6638"}],"version-history":[{"count":0,"href":"https:\/\/vagas.portalemprego.com.br\/index.php?rest_route=\/wp\/v2\/posts\/6638\/revisions"}],"wp:attachment":[{"href":"https:\/\/vagas.portalemprego.com.br\/index.php?rest_route=%2Fwp%2Fv2%2Fmedia&parent=6638"}],"wp:term":[{"taxonomy":"category","embeddable":true,"href":"https:\/\/vagas.portalemprego.com.br\/index.php?rest_route=%2Fwp%2Fv2%2Fcategories&post=6638"},{"taxonomy":"post_tag","embeddable":true,"href":"https:\/\/vagas.portalemprego.com.br\/index.php?rest_route=%2Fwp%2Fv2%2Ftags&post=6638"}],"curies":[{"name":"wp","href":"https:\/\/api.w.org\/{rel}","templated":true}]}}