{"id":6639,"date":"2026-04-29T06:10:10","date_gmt":"2026-04-29T09:10:10","guid":{"rendered":"https:\/\/vagas.portalemprego.com.br\/?p=6639"},"modified":"2026-04-29T06:10:10","modified_gmt":"2026-04-29T09:10:10","slug":"motorista-carreteiro-transportes-duque-de-caxias","status":"publish","type":"post","link":"https:\/\/vagas.portalemprego.com.br\/?p=6639","title":{"rendered":"Motorista Carreteiro &#8211; Transportes &#8211; Duque de Caxias"},"content":{"rendered":"<p>Estamos em busca de um profissional experiente para o cargo de Motorista Carreteiro.<br \/>\nBuscamos algu\u00e9m que tenha uma s\u00f3lida experi\u00eancia na condu\u00e7\u00e3o de ve\u00edculos pesados e que possua a carteira de motorista categoria E.<br \/>\nA responsabilidade principal ser\u00e1 o transporte de cargas em longas dist\u00e2ncias, garantindo a seguran\u00e7a e a pontualidade das entregas.<\/p>\n<p>A empresa valoriza profissionais que demonstrem comprometimento, responsabilidade e uma atitude proativa.<br \/>\n\u00c9 essencial que o candidato tenha uma boa vis\u00e3o geral da log\u00edstica de transporte e conhe\u00e7a as normas de seguran\u00e7a rodovi\u00e1ria.<br \/>\nExperi\u00eancia em rotas.<\/p>\n<p>O trabalho exige um alto n\u00edvel de autonomia e capacidade de solucionar problemas de forma r\u00e1pida e eficiente.<br \/>\nO candidato deve estar preparado para longas jornadas de trabalho e para lidar com as vari\u00e1veis inerentes ao transporte rodovi\u00e1rio.<br \/>\n\u00c9 fundamental que o motorista tenha uma excelente capacidade de comunica\u00e7\u00e3o, tanto para interagir com a equipe interna quanto com clientes externos.<\/p>\n<p>A empresa oferece um ambiente de trabalho din\u00e2mico e um pacote de benef\u00edcios competitivo.<br \/>\nO candidato selecionado ter\u00e1 a oportunidade de fazer parte de uma equipe dedicada e de se desenvolver em um mercado em constante crescimento.<\/p>\n<p>Se voc\u00ea \u00e9 um profissional experiente, com uma carteira de motorista categoria E e est\u00e1 pronto para assumir desafios em um ambiente desafiador e gratificante, esta \u00e9 uma oportunidade que pode ser perfeita para voc\u00ea.<br \/>\nJunte-se a n\u00f3s e fa\u00e7a parte de uma equipe que valoriza o desempenho e o comprometimento de cada um de seus membros.<\/p>\n<ul>\n<li>Local de trabalho: Duque de Caxias, RJ<\/li>\n<li>Regime de contrata\u00e7\u00e3o de tipo: Efetivo \u2013 CLT<\/li>\n<li>Jornada: Per\u00edodo Integral<\/li>\n<li>\u00c1rea e especializa\u00e7\u00e3o profissional: Transportes &#8211; Motorista<\/li>\n<li>N\u00edvel hier\u00e1rquico: Operacional<\/li>\n<\/ul>\n<p>VALORIZADO<\/p>\n<p>Tempo de experi\u00eancia: Entre 3 e 5 anos<\/p>\n<p>HABILIDADES<\/p>\n<ul>\n<li>Experi\u00eancia motorista carteira E<\/li>\n<\/ul>\n<p>Escolaridade M\u00ednima: Ensino M\u00e9dio (2\u00ba Grau)<\/p>\n<p>Habilita\u00e7\u00e3o para dirigir: E<\/p>\n<p>Disponibilidade para viajar<\/p>\n<ul>\n<li>Vale alimenta\u00e7\u00e3o; Vale odontologico; Vale transportes; Cesta basica<\/li>\n<\/ul>\n<p>Sal\u00e1rio: 2600,0<\/p>\n","protected":false},"excerpt":{"rendered":"<p>Estamos em busca de um profissional experiente para o cargo de Motorista Carreteiro. Buscamos algu\u00e9m que tenha uma s\u00f3lida experi\u00eancia na condu\u00e7\u00e3o de ve\u00edculos pesados e que possua a carteira de motorista categoria E. A responsabilidade principal ser\u00e1 o transporte de cargas em longas dist\u00e2ncias, garantindo a seguran\u00e7a e a pontualidade das entregas. A empresa [&hellip;]<\/p>\n","protected":false},"author":1,"featured_media":0,"comment_status":"open","ping_status":"open","sticky":false,"template":"","format":"standard","meta":{"footnotes":""},"categories":[21],"tags":[],"class_list":["post-6639","post","type-post","status-publish","format-standard","hentry","category-rio-de-janeiro-rj"],"_links":{"self":[{"href":"https:\/\/vagas.portalemprego.com.br\/index.php?rest_route=\/wp\/v2\/posts\/6639","targetHints":{"allow":["GET"]}}],"collection":[{"href":"https:\/\/vagas.portalemprego.com.br\/index.php?rest_route=\/wp\/v2\/posts"}],"about":[{"href":"https:\/\/vagas.portalemprego.com.br\/index.php?rest_route=\/wp\/v2\/types\/post"}],"author":[{"embeddable":true,"href":"https:\/\/vagas.portalemprego.com.br\/index.php?rest_route=\/wp\/v2\/users\/1"}],"replies":[{"embeddable":true,"href":"https:\/\/vagas.portalemprego.com.br\/index.php?rest_route=%2Fwp%2Fv2%2Fcomments&post=6639"}],"version-history":[{"count":0,"href":"https:\/\/vagas.portalemprego.com.br\/index.php?rest_route=\/wp\/v2\/posts\/6639\/revisions"}],"wp:attachment":[{"href":"https:\/\/vagas.portalemprego.com.br\/index.php?rest_route=%2Fwp%2Fv2%2Fmedia&parent=6639"}],"wp:term":[{"taxonomy":"category","embeddable":true,"href":"https:\/\/vagas.portalemprego.com.br\/index.php?rest_route=%2Fwp%2Fv2%2Fcategories&post=6639"},{"taxonomy":"post_tag","embeddable":true,"href":"https:\/\/vagas.portalemprego.com.br\/index.php?rest_route=%2Fwp%2Fv2%2Ftags&post=6639"}],"curies":[{"name":"wp","href":"https:\/\/api.w.org\/{rel}","templated":true}]}}